{"resposta":{"status":"OK","items":{"num":30,"item":[{"entradeta":"El davanter franc\u00e8s apareix al costat de noms il\u00b7lustres com els de Leo Messi i Cristiano Ronaldo en un estudi recent","permatitle":"Llista dels m\u00e9s \"ganduls\": la dada de Mbapp\u00e9 que indigna els madridistes","avantitol":"Futbol","tipologia":"NOT_NOTICIA","titol_portada":"La dada de Mbapp\u00e9 que indigna els madridistes","tematiques":[{"id":"PUE3_FUTBOL","idint":"50426","desc":"Futbol","main":true}],"agrupacions":[{"id":"PUAGR_TENESP","idint":"50661","desc":"Tamb\u00e9 \u00e9s not\u00edcia - Esports","main":true}],"mediadestacat":"1","id":3407420,"data_modificacio":"01\/05\/2026 01:12:07","titol":"Llista dels m\u00e9s \"ganduls\": la dada de Mbapp\u00e9 que indigna els madridistes","data_publicacio":"01\/05\/2026 00:44:08","domini":"PUE3","imatges":[{"text":"https:\/\/img.3cat.cat\/multimedia\/png\/0\/5\/1777588550750.png","mida":"670x378","alt":"Kylian Mbapp\u00e9 en un partit del Madrid aquesta temporada","titol":"Llista dels m\u00e9s \"ganduls\": la dada de Mbapp\u00e9 que indigna els madridistes","rel_name":"IMAGE"},{"text":"https:\/\/img.3cat.cat\/multimedia\/png\/4\/9\/1777588550694.png","mida":"326x184","alt":"Kylian Mbapp\u00e9 en un partit del Madrid aquesta temporada","titol":"Llista dels m\u00e9s \"ganduls\": la dada de Mbapp\u00e9 que indigna els madridistes","rel_name":"IMAGE"},{"text":"https:\/\/img.3cat.cat\/multimedia\/png\/6\/0\/1777588550906.png","mida":"1024x576","alt":"Kylian Mbapp\u00e9 en un partit del Madrid aquesta temporada","titol":"Llista dels m\u00e9s \"ganduls\": la dada de Mbapp\u00e9 que indigna els madridistes","rel_name":"IMAGE"}]},{"entradeta":"Un gol solitari d'Alemao dona esperances als madrilenys per a la tornada de la semifinal de la Conference League","permatitle":"El Rayo no desperta del somni amb una vict\u00f2ria contra l'Estrasburg (1-0)","avantitol":"Conference League","tipologia":"NOT_NOTICIA","titol_portada":"Una vict\u00f2ria per somiar a Vallecas (1-0)","tematiques":[{"id":"PUE3_FUTBOL","idint":"50426","desc":"Futbol","main":true},{"id":"PUACTUALITAT","idint":"50482","desc":"Actualitat","main":false}],"mediadestacat":"3","videos":[{"id":"6401768","domini":"SENSE","tipologia":"DTY_VIDEO_MM","titol":"Resum del Rayo Vallecano-RC Estrasburg  (1-0) \/ Conference League \/ Semifinals anada","imatges":[{"text":"https:\/\/img.3cat.cat\/multimedia\/jpg\/3\/6\/1777586107863.jpg","mida":"1014x570","titol":"Rayo Vallecano-RC Estrasburg_20260430_MeproE3_Reuters","rel_name":"KEYVIDEO"},{"text":"https:\/\/img.3cat.cat\/multimedia\/jpg\/3\/2\/1777586106923.jpg","mida":"120x68","titol":"Rayo Vallecano-RC Estrasburg_20260430_MeproE3_Reuters","rel_name":"KEYVIDEO"},{"text":"https:\/\/img.3cat.cat\/multimedia\/jpg\/1\/0\/1777586107201.jpg","mida":"200x113","titol":"Rayo Vallecano-RC Estrasburg_20260430_MeproE3_Reuters","rel_name":"KEYVIDEO"},{"text":"https:\/\/img.3cat.cat\/multimedia\/jpg\/7\/8\/1777586107287.jpg","mida":"320x180","titol":"Rayo Vallecano-RC Estrasburg_20260430_MeproE3_Reuters","rel_name":"KEYVIDEO"},{"text":"https:\/\/img.3cat.cat\/multimedia\/jpg\/6\/9\/1777586107396.jpg","mida":"326x184","titol":"Rayo Vallecano-RC Estrasburg_20260430_MeproE3_Reuters","rel_name":"KEYVIDEO"},{"text":"https:\/\/img.3cat.cat\/multimedia\/jpg\/6\/6\/1777586107566.jpg","mida":"426x240","titol":"Rayo Vallecano-RC Estrasburg_20260430_MeproE3_Reuters","rel_name":"KEYVIDEO"},{"text":"https:\/\/img.3cat.cat\/multimedia\/jpg\/5\/9\/1777586107695.jpg","mida":"670x378","titol":"Rayo Vallecano-RC Estrasburg_20260430_MeproE3_Reuters","rel_name":"KEYVIDEO"}]}],"id":3407419,"data_modificacio":"01\/05\/2026 02:21:46","titol":"El Rayo no es desperta del somni amb una vict\u00f2ria contra l'Estrasburg (1-0)","data_publicacio":"30\/04\/2026 23:25:52","domini":"PUE3","imatges":[{"text":"https:\/\/img.3cat.cat\/multimedia\/png\/8\/3\/1777584046838.png","mida":"670x378","alt":"Els jugadors del Rayo Vallecano celebrant el gol d'Alemao","titol":"El Rayo no desperta del somni amb una vict\u00f2ria contra l'Estrasburg","rel_name":"IMAGE"},{"text":"https:\/\/img.3cat.cat\/multimedia\/png\/1\/3\/1777584046731.png","mida":"326x184","alt":"Els jugadors del Rayo Vallecano celebrant el gol d'Alemao","titol":"El Rayo no desperta del somni amb una vict\u00f2ria contra l'Estrasburg","rel_name":"IMAGE"},{"text":"https:\/\/img.3cat.cat\/multimedia\/png\/2\/6\/1777584047062.png","mida":"1024x576","alt":"Els jugadors del Rayo Vallecano celebrant el gol d'Alemao","titol":"El Rayo no desperta del somni amb una vict\u00f2ria contra l'Estrasburg","rel_name":"IMAGE"}]},{"entradeta":"Segons ha avan\u00e7at el \"Tot costa\" de Catalunya R\u00e0dio, tot i els dubtes al voltant de Xavi Pascual, el club t\u00e9 pr\u00e0cticament definits quatre fitxatges que han de marcar el nou cicle al Palau Blaugrana","permatitle":"Definits i avan\u00e7ats 4 refor\u00e7os per al Bar\u00e7a de b\u00e0squet","avantitol":"B\u00e0squet","tipologia":"NOT_NOTICIA","tematiques":[{"id":"PUE3_BASQUET","idint":"50429","desc":"B\u00e0squet","main":true},{"id":"PUACTUALITAT","idint":"50482","desc":"Actualitat","main":false}],"agrupacions":[{"id":"PUAGR_APPNOT","idint":"52025","desc":"Destacat APP Not\u00edcies","main":true}],"mediadestacat":"1","id":3407415,"data_modificacio":"30\/04\/2026 22:34:01","titol":"Definits i avan\u00e7ats 4 refor\u00e7os per al Bar\u00e7a de b\u00e0squet","data_publicacio":"30\/04\/2026 22:33:30","domini":"PUE3","imatges":[{"text":"https:\/\/img.3cat.cat\/multimedia\/jpg\/6\/4\/1777579236546.jpg","mida":"670x378","titol":"Ruth horitzontals (11)","rel_name":"IMAGE"},{"text":"https:\/\/img.3cat.cat\/multimedia\/jpg\/6\/5\/1777579236456.jpg","mida":"326x184","titol":"Ruth horitzontals (11)","rel_name":"IMAGE"},{"text":"https:\/\/img.3cat.cat\/multimedia\/jpg\/3\/3\/1777579236733.jpg","mida":"1024x576","titol":"Ruth horitzontals (11)","rel_name":"IMAGE"}]},{"entradeta":"L'alumnat de l'Escola Sanfeliu podr\u00e0 continuar estudiant en un nou centre p\u00fablic a les antigues instal\u00b7lacions de l'Escola Joanot Martorell","permatitle":"Reubicaran en una antiga escola de l'Hospitalet de Llobregat els alumnes d'una concertada que tanca","tipologia":"NOT_NOTICIA","comarques":[{"id":"BAIXLLOBREGA","idint":"56658","desc":"Baix Llobregat","main":false}],"tags":[{"id":"EDUCACIO","idint":"52216","desc":"Educaci\u00f3","main":true},{"id":"SOCIETAT","idint":"56272","desc":"Societat","main":false},{"id":"BAIXLLOBREGA","idint":"56658","desc":"Baix Llobregat","main":false}],"agrupacions":[{"id":"AGR_CINCMIN","idint":"56513","desc":"En 3 minuts","main":true}],"mediadestacat":"1","id":3407406,"data_modificacio":"30\/04\/2026 22:24:04","titol":"Reubicaran en una antiga escola de l'Hospitalet de Llobregat els alumnes d'una concertada que tanca","data_publicacio":"30\/04\/2026 22:17:57","domini":"N324","imatges":[{"text":"https:\/\/img.3cat.cat\/multimedia\/jpeg\/7\/1\/1777576759917.jpeg","mida":"670x378","titol":"Tanca l'escola concertada Santfeliu de l'Hospitalet i els alumnes es reubicaran en un nou centre p\u00fablic","rel_name":"IMAGE"},{"text":"https:\/\/img.3cat.cat\/multimedia\/jpeg\/3\/5\/1777576759853.jpeg","mida":"326x184","titol":"Tanca l'escola concertada Santfeliu de l'Hospitalet i els alumnes es reubicaran en un nou centre p\u00fablic","rel_name":"IMAGE"},{"text":"https:\/\/img.3cat.cat\/multimedia\/jpeg\/8\/7\/1777576759678.jpeg","mida":"1024x576","titol":"Tanca l'escola concertada Santfeliu de l'Hospitalet i els alumnes es reubicaran en un nou centre p\u00fablic","rel_name":"IMAGE"},{"text":"https:\/\/img.3cat.cat\/multimedia\/jpg\/6\/2\/1777580477626.jpg","mida":"670x378","titol":"obreFitxer","rel_name":"IMAGE"},{"text":"https:\/\/img.3cat.cat\/multimedia\/jpg\/9\/2\/1777580477429.jpg","mida":"326x184","titol":"obreFitxer","rel_name":"IMAGE"},{"text":"https:\/\/img.3cat.cat\/multimedia\/jpg\/5\/3\/1777580477035.jpg","mida":"1024x576","titol":"obreFitxer","rel_name":"IMAGE"}]},{"entradeta":"Tamb\u00e9 ho va anunciar per a Alemanya despr\u00e9s que el canceller digu\u00e9s que l'Iran est\u00e0 \"humiliant\" els Estats Units","permatitle":"Trump amena\u00e7a de retirar els soldats nord-americans d'Espanya i It\u00e0lia per la seva postura sobre l'Iran","tipologia":"NOT_NOTICIA","tags":[{"id":"ESTATSUNITS","idint":"52396","desc":"Estats Units","main":false},{"id":"TRUMP","idint":"52397","desc":"Donald Trump ","main":false},{"id":"INTERNACIONA","idint":"56274","desc":"Internacional","main":true},{"id":"GUERRAORIENT","idint":"57371","desc":"Guerra Orient Mitj\u00e0","main":false}],"agrupacions":[{"id":"AGR_CINCMIN","idint":"56513","desc":"En 3 minuts","main":true}],"mediadestacat":"1","id":3407413,"data_modificacio":"30\/04\/2026 22:54:00","titol":"Trump amena\u00e7a de retirar els soldats nord-americans d'Espanya i It\u00e0lia per la seva postura sobre l'Iran","data_publicacio":"30\/04\/2026 22:14:07","domini":"N324","imatges":[{"text":"https:\/\/img.3cat.cat\/multimedia\/jpg\/7\/2\/1777578928727.jpg","mida":"670x378","titol":"2026-04-30T192421Z_250854814_RC2VZKACPN0J_RTRMADP_3_USA-TRUMP","rel_name":"IMAGE"},{"text":"https:\/\/img.3cat.cat\/multimedia\/jpg\/4\/6\/1777578928664.jpg","mida":"326x184","titol":"2026-04-30T192421Z_250854814_RC2VZKACPN0J_RTRMADP_3_USA-TRUMP","rel_name":"IMAGE"},{"text":"https:\/\/img.3cat.cat\/multimedia\/jpg\/4\/5\/1777578928454.jpg","mida":"1024x576","titol":"2026-04-30T192421Z_250854814_RC2VZKACPN0J_RTRMADP_3_USA-TRUMP","rel_name":"IMAGE"}]},{"entradeta":"La fundaci\u00f3 organitzadora del certamen ha anunciat que els premis seran decidits pels visitants","permatitle":"Dimiteix en ple el jurat de la Biennal de Ven\u00e8cia per la participaci\u00f3 de R\u00fassia i Israel","tipologia":"NOT_NOTICIA","tags":[{"id":"ITALIA","idint":"53055","desc":"It\u00e0lia","main":true},{"id":"CULTURA","idint":"56275","desc":"Cultura","main":false}],"agrupacions":[{"id":"AGR_CINCMIN","idint":"56513","desc":"En 3 minuts","main":true}],"mediadestacat":"1","id":3407405,"data_modificacio":"30\/04\/2026 22:15:36","titol":"Dimiteix en ple el jurat de la Biennal de Ven\u00e8cia per la participaci\u00f3 de R\u00fassia i Israel","data_publicacio":"30\/04\/2026 21:52:35","domini":"N324","imatges":[{"text":"https:\/\/img.3cat.cat\/multimedia\/jpg\/2\/3\/1777574822632.jpg","mida":"670x378","alt":"El president de la Fundaci\u00f3 de la Biennal, Pietrangelo Buttafuoco, presenta a la premsa el renovat pavell\u00f3 central de l'exposici\u00f3 el mar\u00e7 passat ","titol":"El president de la Fundaci\u00f3 de la Biennale, Pietrangelo Buttafuoco, presenta a la premsa el renovat pavell\u00f3 central de l'exposici\u00f3 el mar\u00e7 passat ","rel_name":"IMAGE"},{"text":"https:\/\/img.3cat.cat\/multimedia\/jpg\/8\/7\/1777574822578.jpg","mida":"326x184","alt":"El president de la Fundaci\u00f3 de la Biennal, Pietrangelo Buttafuoco, presenta a la premsa el renovat pavell\u00f3 central de l'exposici\u00f3 el mar\u00e7 passat ","titol":"El president de la Fundaci\u00f3 de la Biennale, Pietrangelo Buttafuoco, presenta a la premsa el renovat pavell\u00f3 central de l'exposici\u00f3 el mar\u00e7 passat ","rel_name":"IMAGE"},{"text":"https:\/\/img.3cat.cat\/multimedia\/jpg\/1\/2\/1777574822421.jpg","mida":"1024x576","alt":"El president de la Fundaci\u00f3 de la Biennal, Pietrangelo Buttafuoco, presenta a la premsa el renovat pavell\u00f3 central de l'exposici\u00f3 el mar\u00e7 passat ","titol":"El president de la Fundaci\u00f3 de la Biennale, Pietrangelo Buttafuoco, presenta a la premsa el renovat pavell\u00f3 central de l'exposici\u00f3 el mar\u00e7 passat ","rel_name":"IMAGE"}]},{"entradeta":"L'argent\u00ed ja exerceix com a nou propietari del club amb unes paraules dirigides a la plantilla del primer equip","permatitle":"La presentaci\u00f3 amb qu\u00e8 Messi ha deixat bocabadats els jugadors del Cornell\u00e0","avantitol":"Futbol","tipologia":"NOT_NOTICIA","titol_portada":"Leo Messi deixa bocabadats els jugadors del Cornell\u00e0","tematiques":[{"id":"PUE3_FUTBOL","idint":"50426","desc":"Futbol","main":true},{"id":"PUACTUALITAT","idint":"50482","desc":"Actualitat","main":false}],"tags":[{"id":"MESSI","idint":"52319","desc":"Messi","main":true}],"agrupacions":[{"id":"PUAGR_APPNOT","idint":"52025","desc":"Destacat APP Not\u00edcies","main":true},{"id":"AGR_CINCMIN","idint":"56513","desc":"En 3 minuts","main":false}],"mediadestacat":"1","id":3407409,"data_modificacio":"30\/04\/2026 21:55:39","titol":"La presentaci\u00f3 amb qu\u00e8 Messi ha deixat bocabadats els jugadors del Cornell\u00e0","data_publicacio":"30\/04\/2026 21:42:53","domini":"PUE3","imatges":[{"text":"https:\/\/img.3cat.cat\/multimedia\/png\/6\/5\/1777576611656.png","mida":"670x378","alt":"Leo Messi durant un partit d'aquesta temporada amb l'Inter de Miami","titol":"La presentaci\u00f3 amb qu\u00e8 Messi ha deixat bocabadats els jugadors del Cornell\u00e0","rel_name":"IMAGE"},{"text":"https:\/\/img.3cat.cat\/multimedia\/png\/2\/8\/1777576611582.png","mida":"326x184","alt":"Leo Messi durant un partit d'aquesta temporada amb l'Inter de Miami","titol":"La presentaci\u00f3 amb qu\u00e8 Messi ha deixat bocabadats els jugadors del Cornell\u00e0","rel_name":"IMAGE"},{"text":"https:\/\/img.3cat.cat\/multimedia\/png\/2\/2\/1777576611822.png","mida":"1024x576","alt":"Leo Messi durant un partit d'aquesta temporada amb l'Inter de Miami","titol":"La presentaci\u00f3 amb qu\u00e8 Messi ha deixat bocabadats els jugadors del Cornell\u00e0","rel_name":"IMAGE"}]},{"entradeta":"El club blaugrana es planteja opcions que van m\u00e9s enll\u00e0 d'Europa, en un estiu condicionat pel calendari internacional","permatitle":"Rumb a la calor: el Bar\u00e7a estudia una pretemporada amb parada a l'\u00c0frica","avantitol":"Bar\u00e7a","tipologia":"NOT_NOTICIA","tematiques":[{"id":"PUE3_BARCA","idint":"50421","desc":"Bar\u00e7a","main":true},{"id":"PUACTUALITAT","idint":"50482","desc":"Actualitat","main":false}],"agrupacions":[{"id":"PUAGR_APPNOT","idint":"52025","desc":"Destacat APP Not\u00edcies","main":true}],"mediadestacat":"1","id":3407398,"data_modificacio":"30\/04\/2026 21:03:07","titol":"Rumb a la calor: el Bar\u00e7a estudia una pretemporada amb parada a l'\u00c0frica","data_publicacio":"30\/04\/2026 21:02:16","domini":"PUE3","imatges":[{"text":"https:\/\/img.3cat.cat\/multimedia\/jpg\/3\/9\/1777570337193.jpg","mida":"670x378","titol":"Disseny sense t\u00edtol","rel_name":"IMAGE"},{"text":"https:\/\/img.3cat.cat\/multimedia\/jpg\/0\/4\/1777570337140.jpg","mida":"326x184","titol":"Disseny sense t\u00edtol","rel_name":"IMAGE"},{"text":"https:\/\/img.3cat.cat\/multimedia\/jpg\/1\/0\/1777570337301.jpg","mida":"1024x576","titol":"Disseny sense t\u00edtol","rel_name":"IMAGE"}]},{"permatitle":"Empat ins\u00f2lit d'un Spar Girona que haur\u00e0 de guanyar a Fontajau (82-82)","avantitol":"B\u00e0squet","tipologia":"NOT_NOTICIA","tematiques":[{"id":"PUE3_BASQUET","idint":"50429","desc":"B\u00e0squet","main":true},{"id":"PUACTUALITAT","idint":"50482","desc":"Actualitat","main":false}],"agrupacions":[{"id":"PUAGR_APPNOT","idint":"52025","desc":"Destacat APP Not\u00edcies","main":true}],"mediadestacat":"1","id":3407402,"data_modificacio":"30\/04\/2026 21:26:18","titol":"Empat ins\u00f2lit d'un Spar Girona que haur\u00e0 de guanyar a Fontajau (82-82)","data_publicacio":"30\/04\/2026 20:59:46","domini":"PUE3","imatges":[{"text":"https:\/\/img.3cat.cat\/multimedia\/jpg\/9\/6\/1777573288269.jpg","mida":"670x378","titol":"Disseny sense t\u00edtol (1)","rel_name":"IMAGE"},{"text":"https:\/\/img.3cat.cat\/multimedia\/jpg\/2\/1\/1777573288212.jpg","mida":"326x184","titol":"Disseny sense t\u00edtol (1)","rel_name":"IMAGE"},{"text":"https:\/\/img.3cat.cat\/multimedia\/jpg\/0\/9\/1777573288390.jpg","mida":"1024x576","titol":"Disseny sense t\u00edtol (1)","rel_name":"IMAGE"}]},{"entradeta":"Pare del neoexpressionisme, rupturista i subversiu va decidir pintar les figures del rev\u00e9s","permatitle":"Mor l'artista alemany Georg Baselitz als 88 anys","tipologia":"NOT_NOTICIA","tags":[{"id":"OBITUARI","idint":"52400","desc":"Obituari","main":false},{"id":"ART","idint":"52513","desc":"Art","main":true},{"id":"CULTURA","idint":"56275","desc":"Cultura","main":false}],"mediadestacat":"1","id":3407399,"data_modificacio":"30\/04\/2026 20:53:37","titol":"Mor l'artista alemany Georg Baselitz als 88 anys","data_publicacio":"30\/04\/2026 20:49:42","domini":"N324","imatges":[{"text":"https:\/\/img.3cat.cat\/multimedia\/jpg\/7\/3\/1777569928437.jpg","mida":"670x378","alt":"Baselitz retratat a Su\u00efssa el gener del 2018","titol":"Baselitz","rel_name":"IMAGE"},{"text":"https:\/\/img.3cat.cat\/multimedia\/jpg\/5\/8\/1777569928385.jpg","mida":"326x184","alt":"Baselitz retratat a Su\u00efssa el gener del 2018","titol":"Baselitz","rel_name":"IMAGE"},{"text":"https:\/\/img.3cat.cat\/multimedia\/jpg\/2\/0\/1777569928202.jpg","mida":"1024x576","alt":"Baselitz retratat a Su\u00efssa el gener del 2018","titol":"Baselitz","rel_name":"IMAGE"},{"text":"https:\/\/img.3cat.cat\/multimedia\/jpg\/6\/6\/1777573989966.jpg","mida":"670x378","alt":"Visitants contemplen tres grans pintures de figures humanes cap per avall a una exposici\u00f3 de Georg Baselitz.","titol":"Obra de Georg Baselitz","rel_name":"IMAGE"},{"text":"https:\/\/img.3cat.cat\/multimedia\/jpg\/2\/0\/1777573989902.jpg","mida":"326x184","alt":"Visitants contemplen tres grans pintures de figures humanes cap per avall a una exposici\u00f3 de Georg Baselitz.","titol":"Obra de Georg Baselitz","rel_name":"IMAGE"},{"text":"https:\/\/img.3cat.cat\/multimedia\/jpg\/3\/4\/1777573989743.jpg","mida":"1024x576","alt":"Visitants contemplen tres grans pintures de figures humanes cap per avall a una exposici\u00f3 de Georg Baselitz.","titol":"Obra de Georg Baselitz","rel_name":"IMAGE"}]},{"entradeta":"L'artista ha penjat un v\u00eddeo a xarxes on es veu la instal\u00b7laci\u00f3 de l'obra a l'avinguda de Waterloo Place, que s'ha fet de nit amb l'ajuda de grues i operaris","permatitle":"Banksy planta una est\u00e0tua de grans dimensions al centre de Londres","tipologia":"NOT_NOTICIA","tags":[{"id":"ART","idint":"52513","desc":"Art","main":true},{"id":"REGNEUNIT","idint":"54217","desc":"Regne Unit","main":false},{"id":"CULTURA","idint":"56275","desc":"Cultura","main":false}],"agrupacions":[{"id":"AGR_CINCMIN","idint":"56513","desc":"En 3 minuts","main":true}],"mediadestacat":"1","id":3407369,"data_modificacio":"30\/04\/2026 22:46:04","titol":"Banksy planta una est\u00e0tua de grans dimensions al centre de Londres","data_publicacio":"30\/04\/2026 20:28:56","domini":"N324","imatges":[{"text":"https:\/\/img.3cat.cat\/multimedia\/jpg\/3\/4\/1777563020043.jpg","mida":"670x378","alt":"L'escultura ha aparegut al centre de la capital brit\u00e0nica","titol":"Banksy Londres","rel_name":"IMAGE"},{"text":"https:\/\/img.3cat.cat\/multimedia\/jpg\/2\/7\/1777563019972.jpg","mida":"326x184","alt":"L'escultura ha aparegut al centre de la capital brit\u00e0nica","titol":"Banksy Londres","rel_name":"IMAGE"},{"text":"https:\/\/img.3cat.cat\/multimedia\/jpg\/9\/5\/1777563007659.jpg","mida":"1024x576","alt":"L'escultura ha aparegut al centre de la capital brit\u00e0nica","titol":"Banksy Londres","rel_name":"IMAGE"},{"text":"https:\/\/img.3cat.cat\/multimedia\/jpg\/5\/4\/1777563007445.jpg","mida":"670x378","alt":"L'est\u00e0tua des d'un lateral","titol":"Banksy Londres","rel_name":"IMAGE"},{"text":"https:\/\/img.3cat.cat\/multimedia\/jpg\/2\/7\/1777563007372.jpg","mida":"326x184","alt":"L'est\u00e0tua des d'un lateral","titol":"Banksy Londres","rel_name":"IMAGE"},{"text":"https:\/\/img.3cat.cat\/multimedia\/jpg\/8\/4\/1777563007148.jpg","mida":"1024x576","alt":"L'est\u00e0tua des d'un lateral","titol":"Banksy Londres","rel_name":"IMAGE"},{"text":"https:\/\/img.3cat.cat\/multimedia\/jpg\/0\/9\/1777563020490.jpg","mida":"670x378","alt":"L'est\u00e0tua ha sorpr\u00e8s els habitants de Londres","titol":"EuropaPress_7485484_april_29_2026_london_england_united_kingdom_mysterious_statue_depicting_man","rel_name":"IMAGE"},{"text":"https:\/\/img.3cat.cat\/multimedia\/jpg\/9\/2\/1777563020429.jpg","mida":"326x184","alt":"L'est\u00e0tua ha sorpr\u00e8s els habitants de Londres","titol":"EuropaPress_7485484_april_29_2026_london_england_united_kingdom_mysterious_statue_depicting_man","rel_name":"IMAGE"},{"text":"https:\/\/img.3cat.cat\/multimedia\/jpg\/8\/5\/1777563020258.jpg","mida":"1024x576","alt":"L'est\u00e0tua ha sorpr\u00e8s els habitants de Londres","titol":"EuropaPress_7485484_april_29_2026_london_england_united_kingdom_mysterious_statue_depicting_man","rel_name":"IMAGE"}]},{"entradeta":"L'estudi gen\u00e8tic m\u00e9s gran sobre aquesta malaltia revela que hi ha fins a 80 regions del genoma relacionats amb el risc de desenvolupar endometriosi","permatitle":"L'Endometriosi, complexa i multifactorial: resultat de l'an\u00e0lisi gen\u00e8tica m\u00e9s gran de la malaltia","tipologia":"NOT_NOTICIA","tags":[{"id":"SALUT","idint":"52217","desc":"Salut","main":true},{"id":"SOCIETAT","idint":"56272","desc":"Societat","main":false}],"agrupacions":[{"id":"AGR_CINCMIN","idint":"56513","desc":"En 3 minuts","main":true}],"mediadestacat":"3","autors":[{"id":"13491","desc":"Periodista de Societat de 3CatInfo  ","nom":"M\u00f2nica Bertran i Branc\u00f3s","carrec":"Periodista de Societat de 3CatInfo  ","tipologia":"NOT_AUTOR","twitter":"@Mbertran1","titol":"M\u00f2nica Bertran i Branc\u00f3s","data_publicacio":"20\/02\/2024 10:58:41"}],"videos":[{"id":"6401687","domini":"SENSE","tipologia":"DTY_VIDEO_MM","titol":"L'estudi gen\u00e8tic m\u00e9s gran sobre endometriosi evidencia que \u00e9s una malaltia complexa multifactorial","imatges":[{"text":"https:\/\/img.3cat.cat\/multimedia\/jpg\/5\/2\/1777562933625.jpg","mida":"1014x570","titol":"471367_50780484_Endometriosi_Sant_Pau_0.jpg","rel_name":"KEYVIDEO"},{"text":"https:\/\/img.3cat.cat\/multimedia\/jpg\/9\/7\/1777562931179.jpg","mida":"120x68","titol":"471367_50780484_Endometriosi_Sant_Pau_0.jpg","rel_name":"KEYVIDEO"},{"text":"https:\/\/img.3cat.cat\/multimedia\/jpg\/4\/7\/1777562933174.jpg","mida":"200x113","titol":"471367_50780484_Endometriosi_Sant_Pau_0.jpg","rel_name":"KEYVIDEO"},{"text":"https:\/\/img.3cat.cat\/multimedia\/jpg\/4\/5\/1777562933254.jpg","mida":"320x180","titol":"471367_50780484_Endometriosi_Sant_Pau_0.jpg","rel_name":"KEYVIDEO"},{"text":"https:\/\/img.3cat.cat\/multimedia\/jpg\/3\/3\/1777562933333.jpg","mida":"326x184","titol":"471367_50780484_Endometriosi_Sant_Pau_0.jpg","rel_name":"KEYVIDEO"},{"text":"https:\/\/img.3cat.cat\/multimedia\/jpg\/7\/2\/1777562933427.jpg","mida":"426x240","titol":"471367_50780484_Endometriosi_Sant_Pau_0.jpg","rel_name":"KEYVIDEO"},{"text":"https:\/\/img.3cat.cat\/multimedia\/jpg\/2\/2\/1777562933522.jpg","mida":"670x378","titol":"471367_50780484_Endometriosi_Sant_Pau_0.jpg","rel_name":"KEYVIDEO"}]}],"id":3407203,"data_modificacio":"30\/04\/2026 21:10:39","titol":"L'endometriosi, complexa i multifactorial: resultat de l'an\u00e0lisi gen\u00e8tica m\u00e9s gran de la malaltia","data_publicacio":"30\/04\/2026 20:07:43","domini":"N324","imatges":[{"text":"https:\/\/img.3cat.cat\/multimedia\/jpg\/3\/4\/1777544479443.jpg","mida":"670x378","alt":"Dora Koller \u00e9s bioinform\u00e0tica i investigadora s\u00e9nior a l'Institut de Recerca de Sant Pau ","titol":"FOTO1","rel_name":"IMAGE"},{"text":"https:\/\/img.3cat.cat\/multimedia\/jpg\/1\/5\/1777544479351.jpg","mida":"326x184","alt":"Dora Koller \u00e9s bioinform\u00e0tica i investigadora s\u00e9nior a l'Institut de Recerca de Sant Pau ","titol":"FOTO1","rel_name":"IMAGE"},{"text":"https:\/\/img.3cat.cat\/multimedia\/jpg\/3\/7\/1777544479073.jpg","mida":"1024x576","alt":"Dora Koller \u00e9s bioinform\u00e0tica i investigadora s\u00e9nior a l'Institut de Recerca de Sant Pau ","titol":"FOTO1","rel_name":"IMAGE"},{"text":"https:\/\/img.3cat.cat\/multimedia\/jpg\/8\/5\/1777544536058.jpg","mida":"670x378","alt":"S'ha fet l'estudi gen\u00e8tic sobre endometriosi m\u00e9s exhaustiu fins ara","titol":"FOTO2","rel_name":"IMAGE"},{"text":"https:\/\/img.3cat.cat\/multimedia\/jpg\/8\/8\/1777544535988.jpg","mida":"326x184","alt":"S'ha fet l'estudi gen\u00e8tic sobre endometriosi m\u00e9s exhaustiu fins ara","titol":"FOTO2","rel_name":"IMAGE"},{"text":"https:\/\/img.3cat.cat\/multimedia\/jpg\/0\/2\/1777544535820.jpg","mida":"1024x576","alt":"S'ha fet l'estudi gen\u00e8tic sobre endometriosi m\u00e9s exhaustiu fins ara","titol":"FOTO2","rel_name":"IMAGE"},{"text":"https:\/\/img.3cat.cat\/multimedia\/jpg\/2\/4\/1777544616842.jpg","mida":"670x378","alt":"L'an\u00e0lisi gen\u00e8tica pot ajudar a personalitzar els tractaments","titol":"FOTO3","rel_name":"IMAGE"},{"text":"https:\/\/img.3cat.cat\/multimedia\/jpg\/9\/7\/1777544616779.jpg","mida":"326x184","alt":"L'an\u00e0lisi gen\u00e8tica pot ajudar a personalitzar els tractaments","titol":"FOTO3","rel_name":"IMAGE"},{"text":"https:\/\/img.3cat.cat\/multimedia\/jpg\/5\/3\/1777544616535.jpg","mida":"1024x576","alt":"L'an\u00e0lisi gen\u00e8tica pot ajudar a personalitzar els tractaments","titol":"FOTO3","rel_name":"IMAGE"},{"text":"https:\/\/img.3cat.cat\/multimedia\/jpg\/3\/2\/1777544668323.jpg","mida":"670x378","alt":"Hi ha m\u00faltiples processos biol\u00f2gics involucrats en l'endometriosi","titol":"FOTO4","rel_name":"IMAGE"},{"text":"https:\/\/img.3cat.cat\/multimedia\/jpg\/4\/1\/1777544668214.jpg","mida":"326x184","alt":"Hi ha m\u00faltiples processos biol\u00f2gics involucrats en l'endometriosi","titol":"FOTO4","rel_name":"IMAGE"},{"text":"https:\/\/img.3cat.cat\/multimedia\/jpg\/4\/1\/1777544667914.jpg","mida":"1024x576","alt":"Hi ha m\u00faltiples processos biol\u00f2gics involucrats en l'endometriosi","titol":"FOTO4","rel_name":"IMAGE"},{"text":"https:\/\/img.3cat.cat\/multimedia\/jpg\/5\/0\/1777544779805.jpg","mida":"670x378","alt":"Hi ha 80 regions del genoma associades a risc d'endometriosi","titol":"FOTO5","rel_name":"IMAGE"},{"text":"https:\/\/img.3cat.cat\/multimedia\/jpg\/4\/4\/1777544779744.jpg","mida":"326x184","alt":"Hi ha 80 regions del genoma associades a risc d'endometriosi","titol":"FOTO5","rel_name":"IMAGE"},{"text":"https:\/\/img.3cat.cat\/multimedia\/jpg\/5\/6\/1777544779565.jpg","mida":"1024x576","alt":"Hi ha 80 regions del genoma associades a risc d'endometriosi","titol":"FOTO5","rel_name":"IMAGE"}]},{"entradeta":"Segons s'ha explicat al \"Tot costa\" de Catalunya R\u00e0dio, el davanter desitja continuar la temporada vinent al M\u00f2naco i el club de la Lliga francesa t\u00e9 una opci\u00f3 de compra d'11 milions d'euros","permatitle":"Operaci\u00f3 sortida a can Bar\u00e7a: la xifra que podria ingressar el club amb Ansu Fati","avantitol":"Bar\u00e7a","tipologia":"NOT_NOTICIA","titol_portada":"El Bar\u00e7a podria ingressar 11 milions per Ansu Fati","tematiques":[{"id":"PUE3","idint":"50420","desc":"Esports","main":true},{"id":"PUE3_BARCA","idint":"50421","desc":"Bar\u00e7a","main":false},{"id":"PUE3_FUTBOL","idint":"50426","desc":"Futbol","main":false}],"tags":[{"id":"ANSUFATI","idint":"54117","desc":"AnsuFati","main":true}],"agrupacions":[{"id":"PUAGR_APPNOT","idint":"52025","desc":"Destacat APP Not\u00edcies","main":true},{"id":"AGR_CINCMIN","idint":"56513","desc":"En 3 minuts","main":false}],"mediadestacat":"1","id":3407368,"data_modificacio":"30\/04\/2026 20:18:00","titol":"Operaci\u00f3 sortida a Can Bar\u00e7a: la xifra que podria ingressar el club amb Ansu Fati","data_publicacio":"30\/04\/2026 20:03:56","domini":"PUE3","imatges":[{"text":"https:\/\/img.3cat.cat\/multimedia\/png\/3\/9\/1777573046393.png","mida":"670x378","alt":"Ansu Fati durant un partit del M\u00f2naco aquesta temporada","titol":"Operaci\u00f3 sortida a Can Bar\u00e7a: la xifra que podria ingressar el club amb Ansu Fati","rel_name":"IMAGE"},{"text":"https:\/\/img.3cat.cat\/multimedia\/png\/0\/3\/1777573046330.png","mida":"326x184","alt":"Ansu Fati durant un partit del M\u00f2naco aquesta temporada","titol":"Operaci\u00f3 sortida a Can Bar\u00e7a: la xifra que podria ingressar el club amb Ansu Fati","rel_name":"IMAGE"},{"text":"https:\/\/img.3cat.cat\/multimedia\/png\/5\/3\/1777573046535.png","mida":"1024x576","alt":"Ansu Fati durant un partit del M\u00f2naco aquesta temporada","titol":"Operaci\u00f3 sortida a Can Bar\u00e7a: la xifra que podria ingressar el club amb Ansu Fati","rel_name":"IMAGE"},{"text":"https:\/\/img.3cat.cat\/multimedia\/jpg\/4\/6\/1768562730464.jpg","mida":"670x378","alt":"Ansu Fati en l'\u00faltim entrenament del M\u00f2naco","titol":"Operaci\u00f3 sortida a Can Bar\u00e7a: la xifra que podria ingressar el club amb Ansu Fati","rel_name":"IMAGE"},{"text":"https:\/\/img.3cat.cat\/multimedia\/jpg\/6\/6\/1768562730366.jpg","mida":"326x184","alt":"Ansu Fati en l'\u00faltim entrenament del M\u00f2naco","titol":"Operaci\u00f3 sortida a Can Bar\u00e7a: la xifra que podria ingressar el club amb Ansu Fati","rel_name":"IMAGE"},{"text":"https:\/\/img.3cat.cat\/multimedia\/jpg\/4\/7\/1768562730074.jpg","mida":"1024x576","alt":"Ansu Fati en l'\u00faltim entrenament del M\u00f2naco","titol":"Operaci\u00f3 sortida a Can Bar\u00e7a: la xifra que podria ingressar el club amb Ansu Fati","rel_name":"IMAGE"}]},{"entradeta":"Els de Carlos Ortega no han sentenciat l'eliminat\u00f2ria i es jugaran l'acc\u00e9s a la final a quatre el pr\u00f2xim dimecres al Palau Blaugrana","permatitle":"EN DIRECTE | Nantes - Bar\u00e7a, l'anada dels quarts de Champions, per Esport3","avantitol":"Handbol","tipologia":"NOT_NOTICIA","titol_portada":"El Palau dictar\u00e0 sent\u00e8ncia a la Champions (30-32)","tematiques":[{"id":"PUE3_HANDBOL","idint":"50470","desc":"Handbol","main":true},{"id":"PUACTUALITAT","idint":"50482","desc":"Actualitat","main":false}],"agrupacions":[{"id":"PUAGR_APPNOT","idint":"52025","desc":"Destacat APP Not\u00edcies","main":true},{"id":"AGR_CINCMIN","idint":"56513","desc":"En 3 minuts","main":false}],"mediadestacat":"1","id":3407384,"data_modificacio":"30\/04\/2026 23:21:39","titol":"El Bar\u00e7a deixa viu el Nantes a l'anada dels quarts de Champions (30-32)","data_publicacio":"30\/04\/2026 19:30:38","domini":"PUE3","imatges":[{"text":"https:\/\/img.3cat.cat\/multimedia\/jpeg\/0\/6\/1777578212960.jpeg","mida":"670x378","alt":"Una jugada del partit entre el Nantes i el Bar\u00e7a ","titol":"El Bar\u00e7a deixa viu el Nantes a l'anada dels quarts de Champions","rel_name":"IMAGE"},{"text":"https:\/\/img.3cat.cat\/multimedia\/jpeg\/1\/0\/1777578212901.jpeg","mida":"326x184","alt":"Una jugada del partit entre el Nantes i el Bar\u00e7a ","titol":"El Bar\u00e7a deixa viu el Nantes a l'anada dels quarts de Champions","rel_name":"IMAGE"},{"text":"https:\/\/img.3cat.cat\/multimedia\/jpeg\/9\/7\/1777578213079.jpeg","mida":"1024x576","alt":"Una jugada del partit entre el Nantes i el Bar\u00e7a ","titol":"El Bar\u00e7a deixa viu el Nantes a l'anada dels quarts de Champions","rel_name":"IMAGE"},{"text":"https:\/\/img.3cat.cat\/multimedia\/jpg\/4\/4\/1775937386844.jpg","mida":"670x378","titol":"EN DIRECTE | Nantes - Bar\u00e7a, l'anada dels quarts de Champions, per Esport3","rel_name":"IMAGE"},{"text":"https:\/\/img.3cat.cat\/multimedia\/jpg\/3\/9\/1775937386793.jpg","mida":"326x184","titol":"EN DIRECTE | Nantes - Bar\u00e7a, l'anada dels quarts de Champions, per Esport3","rel_name":"IMAGE"},{"text":"https:\/\/img.3cat.cat\/multimedia\/jpg\/1\/5\/1775937386951.jpg","mida":"1024x576","titol":"EN DIRECTE | Nantes - Bar\u00e7a, l'anada dels quarts de Champions, per Esport3","rel_name":"IMAGE"}]},{"entradeta":"Pericos i gironins lluiten per aconseguir la perman\u00e8ncia a la Lliga, en una zona baixa on sumar molts punts tampoc garanteix la salvaci\u00f3 del descens","permatitle":"Espanyol i Girona, avisats: aquests s\u00f3n els equips que van baixar a Segona amb m\u00e9s punts","avantitol":"Futbol","tipologia":"NOT_NOTICIA","titol_portada":"Espanyol i Girona, avisats: la trampa dels 40 punts","tematiques":[{"id":"PUE3","idint":"50420","desc":"Esports","main":false},{"id":"PUE3_FUTBOL","idint":"50426","desc":"Futbol","main":false},{"id":"PUE3_FUT1","idint":"50427","desc":"Futbol - 1a divisi\u00f3","main":true},{"id":"PUACTUALITAT","idint":"50482","desc":"Actualitat","main":false}],"agrupacions":[{"id":"SEOMDP","idint":"56449","desc":"SEO-mdp","main":true},{"id":"AGR_CINCMIN","idint":"56513","desc":"En 3 minuts","main":false}],"mediadestacat":"1","id":3407345,"data_modificacio":"30\/04\/2026 19:15:48","titol":"Espanyol i Girona, avisats: aquests s\u00f3n els equips que van baixar a Segona amb m\u00e9s punts","data_publicacio":"30\/04\/2026 18:42:30","domini":"PUE3","imatges":[{"text":"https:\/\/img.3cat.cat\/multimedia\/jpg\/3\/9\/1777559054793.jpg","mida":"670x378","titol":"433930","rel_name":"IMAGE"},{"text":"https:\/\/img.3cat.cat\/multimedia\/jpg\/3\/4\/1777559054743.jpg","mida":"326x184","titol":"433930","rel_name":"IMAGE"},{"text":"https:\/\/img.3cat.cat\/multimedia\/jpg\/6\/0\/1777559054606.jpg","mida":"1024x576","titol":"433930","rel_name":"IMAGE"},{"text":"https:\/\/img.3cat.cat\/multimedia\/jpg\/3\/0\/1777559285603.jpg","mida":"670x378","titol":"DeportivoDescenso","rel_name":"IMAGE"},{"text":"https:\/\/img.3cat.cat\/multimedia\/jpg\/2\/5\/1777559285552.jpg","mida":"326x184","titol":"DeportivoDescenso","rel_name":"IMAGE"},{"text":"https:\/\/img.3cat.cat\/multimedia\/jpg\/3\/1\/1777559285413.jpg","mida":"1024x576","titol":"DeportivoDescenso","rel_name":"IMAGE"},{"text":"https:\/\/img.3cat.cat\/multimedia\/jpeg\/9\/4\/1777559053949.jpeg","mida":"670x378","titol":"035AC48C-1348-46AE-BE09-931E46E59FBF","rel_name":"IMAGE"},{"text":"https:\/\/img.3cat.cat\/multimedia\/jpeg\/7\/8\/1777559053887.jpeg","mida":"326x184","titol":"035AC48C-1348-46AE-BE09-931E46E59FBF","rel_name":"IMAGE"},{"text":"https:\/\/img.3cat.cat\/multimedia\/jpeg\/1\/6\/1777559053461.jpeg","mida":"1024x576","titol":"035AC48C-1348-46AE-BE09-931E46E59FBF","rel_name":"IMAGE"},{"text":"https:\/\/img.3cat.cat\/multimedia\/jpg\/0\/0\/1777559053300.jpg","mida":"670x378","titol":"0A1-1808958649--644x362","rel_name":"IMAGE"},{"text":"https:\/\/img.3cat.cat\/multimedia\/jpg\/0\/4\/1777559053240.jpg","mida":"326x184","titol":"0A1-1808958649--644x362","rel_name":"IMAGE"},{"text":"https:\/\/img.3cat.cat\/multimedia\/jpg\/5\/8\/1777559053085.jpg","mida":"1024x576","titol":"0A1-1808958649--644x362","rel_name":"IMAGE"}]},{"entradeta":"Reporters Sense Fronteres alerta de la \"criminalitzaci\u00f3 creixent del periodisme\", tamb\u00e9 a Espanya, que cau sis llocs en la classificaci\u00f3","permatitle":"La llibertat de premsa cau arreu del m\u00f3n al nivell m\u00e9s baix dels \u00faltims 25 anys","tipologia":"NOT_NOTICIA","tags":[{"id":"PREMSA","idint":"52901","desc":"Llibertat de premsa","main":false},{"id":"INTERNACIONA","idint":"56274","desc":"Internacional","main":true}],"agrupacions":[{"id":"AGR_CINCMIN","idint":"56513","desc":"En 3 minuts","main":true}],"mediadestacat":"1","id":3407239,"data_modificacio":"30\/04\/2026 19:52:22","titol":"La llibertat de premsa cau arreu del m\u00f3n al nivell m\u00e9s baix dels \u00faltims 25 anys","data_publicacio":"30\/04\/2026 18:37:27","domini":"N324","imatges":[{"text":"https:\/\/img.3cat.cat\/multimedia\/jpg\/5\/1\/1777546680915.jpg","mida":"670x378","alt":"Funeral per la periodista libanesa Amal Khalil, assassinada per Israel el 22 d'abril ","titol":"PO L\u00edban Baisariyeh funeral per periodista Amal Khalil assassinada per Israel taut amb casc Press i foto ella 23abr26 - Reuters Aziz Taher","rel_name":"IMAGE"},{"text":"https:\/\/img.3cat.cat\/multimedia\/jpg\/8\/5\/1777546680858.jpg","mida":"326x184","alt":"Funeral per la periodista libanesa Amal Khalil, assassinada per Israel el 22 d'abril ","titol":"PO L\u00edban Baisariyeh funeral per periodista Amal Khalil assassinada per Israel taut amb casc Press i foto ella 23abr26 - Reuters Aziz Taher","rel_name":"IMAGE"},{"text":"https:\/\/img.3cat.cat\/multimedia\/jpg\/8\/8\/1777546680688.jpg","mida":"1024x576","alt":"Funeral per la periodista libanesa Amal Khalil, assassinada per Israel el 22 d'abril ","titol":"PO L\u00edban Baisariyeh funeral per periodista Amal Khalil assassinada per Israel taut amb casc Press i foto ella 23abr26 - Reuters Aziz Taher","rel_name":"IMAGE"},{"text":"https:\/\/img.3cat.cat\/multimedia\/jpg\/9\/9\/1777546968799.jpg","mida":"670x378","alt":"Trump dona la tanda durant una roda de prems a la Casa Blanca","titol":"EUA Washington Casa Blanca Trump dona tanda a periodista durant rdp PG entre bra\u00e7os - Reuters Jonathan Ernst","rel_name":"IMAGE"},{"text":"https:\/\/img.3cat.cat\/multimedia\/jpg\/9\/9\/1777546968699.jpg","mida":"326x184","alt":"Trump dona la tanda durant una roda de prems a la Casa Blanca","titol":"EUA Washington Casa Blanca Trump dona tanda a periodista durant rdp PG entre bra\u00e7os - Reuters Jonathan Ernst","rel_name":"IMAGE"},{"text":"https:\/\/img.3cat.cat\/multimedia\/jpg\/4\/2\/1777546968424.jpg","mida":"1024x576","alt":"Trump dona la tanda durant una roda de prems a la Casa Blanca","titol":"EUA Washington Casa Blanca Trump dona tanda a periodista durant rdp PG entre bra\u00e7os - Reuters Jonathan Ernst","rel_name":"IMAGE"}]},{"entradeta":"D\u00e8cades despr\u00e9s que es pint\u00e9s per \u00faltima vegada, l'Ajuntament ha anunciat que prepara una campanya per recaptar fons per pintar la fa\u00e7ana, fet que alguns ve\u00efns critiquen","permatitle":"L'esgl\u00e9sia de Cadaqu\u00e9s espera una m\u00e0 de pintura, 30 anys despr\u00e9s","tipologia":"NOT_NOTICIA","comarques":[{"id":"ALTEMPORDA","idint":"56697","desc":"Alt Empord\u00e0","main":true}],"tags":[{"id":"ESGLESIA","idint":"52888","desc":"Esgl\u00e9sia","main":false},{"id":"SOCIETAT","idint":"56272","desc":"Societat","main":false},{"id":"ALTEMPORDA","idint":"56697","desc":"Alt Empord\u00e0","main":true}],"agrupacions":[{"id":"AGR_CINCMIN","idint":"56513","desc":"En 3 minuts","main":true}],"mediadestacat":"3","autors":[{"id":"14371","desc":"Periodista de Societat de 3Catinfo especialitzada en feminisme i viol\u00e8ncia masclista","nom":"Anna Bonet Mart\u00ednez","carrec":"Periodista de Societat de 3Catinfo especialitzada en feminisme i viol\u00e8ncia masclista","tipologia":"NOT_AUTOR","twitter":"@bonetanna","titol":"Anna Bonet Mart\u00ednez","data_publicacio":"21\/11\/2024 17:24:05","imatges":[{"text":"https:\/\/img.3cat.cat\/multimedia\/jpg\/0\/6\/1732207119460.jpg","mida":"670x522","titol":"Anna Bonet Mart\u00ednez","rel_name":"IMAGE"},{"text":"https:\/\/img.3cat.cat\/multimedia\/jpg\/2\/5\/1732207061652.jpg","mida":"670x378","titol":"Anna Bonet Mart\u00ednez","rel_name":"IMAGE"},{"text":"https:\/\/img.3cat.cat\/multimedia\/jpg\/8\/8\/1732207105388.jpg","mida":"326x254","titol":"Anna Bonet Mart\u00ednez","rel_name":"IMAGE"},{"text":"https:\/\/img.3cat.cat\/multimedia\/jpg\/8\/5\/1732207056958.jpg","mida":"326x184","titol":"Anna Bonet Mart\u00ednez","rel_name":"IMAGE"},{"text":"https:\/\/img.3cat.cat\/multimedia\/jpg\/1\/5\/1732207085351.jpg","mida":"240x130","titol":"Anna Bonet Mart\u00ednez","rel_name":"IMAGE"},{"text":"https:\/\/img.3cat.cat\/multimedia\/jpg\/8\/8\/1732207045488.jpg","mida":"1980x200","titol":"Anna Bonet Mart\u00ednez","rel_name":"IMAGE"},{"text":"https:\/\/img.3cat.cat\/multimedia\/jpg\/7\/9\/1732207079497.jpg","mida":"120x90","titol":"Anna Bonet Mart\u00ednez","rel_name":"IMAGE"},{"text":"https:\/\/img.3cat.cat\/multimedia\/jpg\/2\/0\/1732207096902.jpg","mida":"1200x677","titol":"Anna Bonet Mart\u00ednez","rel_name":"IMAGE"},{"text":"https:\/\/img.3cat.cat\/multimedia\/jpg\/6\/1\/1732207091716.jpg","mida":"1024x576","titol":"Anna Bonet Mart\u00ednez","rel_name":"IMAGE"},{"text":"https:\/\/img.3cat.cat\/multimedia\/jpg\/9\/3\/1732207125239.jpg","mida":"1014x790","titol":"Anna Bonet Mart\u00ednez","rel_name":"IMAGE"},{"text":"https:\/\/img.3cat.cat\/multimedia\/jpg\/4\/0\/1732207067304.jpg","mida":"1014x570","titol":"Anna Bonet Mart\u00ednez","rel_name":"IMAGE"}]}],"videos":[{"id":"6401633","domini":"SENSE","tipologia":"DTY_VIDEO_MM","titol":"L'esgl\u00e9sia de Cadaqu\u00e9s, a l'espera d'una m\u00e0 de pintura 30 anys despr\u00e9s","imatges":[{"text":"https:\/\/img.3cat.cat\/multimedia\/png\/3\/4\/1777577622343.png","mida":"1014x570","titol":"videoframe_22805","rel_name":"KEYVIDEO"},{"text":"https:\/\/img.3cat.cat\/multimedia\/png\/9\/7\/1777577617479.png","mida":"120x68","titol":"videoframe_22805","rel_name":"KEYVIDEO"},{"text":"https:\/\/img.3cat.cat\/multimedia\/png\/5\/3\/1777577618035.png","mida":"200x113","titol":"videoframe_22805","rel_name":"KEYVIDEO"},{"text":"https:\/\/img.3cat.cat\/multimedia\/png\/3\/5\/1777577619853.png","mida":"320x180","titol":"videoframe_22805","rel_name":"KEYVIDEO"},{"text":"https:\/\/img.3cat.cat\/multimedia\/png\/5\/8\/1777577620485.png","mida":"326x184","titol":"videoframe_22805","rel_name":"KEYVIDEO"},{"text":"https:\/\/img.3cat.cat\/multimedia\/png\/5\/3\/1777577621135.png","mida":"426x240","titol":"videoframe_22805","rel_name":"KEYVIDEO"},{"text":"https:\/\/img.3cat.cat\/multimedia\/png\/9\/5\/1777577621759.png","mida":"670x378","titol":"videoframe_22805","rel_name":"KEYVIDEO"}]}],"id":3407291,"data_modificacio":"30\/04\/2026 19:52:56","titol":"L'esgl\u00e9sia de Cadaqu\u00e9s espera una m\u00e0 de pintura, 30 anys despr\u00e9s","data_publicacio":"30\/04\/2026 18:35:16","domini":"N324","imatges":[{"text":"https:\/\/img.3cat.cat\/multimedia\/jpg\/7\/9\/1777561462297.jpg","mida":"670x378","titol":"Esglesia Cadaques","rel_name":"IMAGE"},{"text":"https:\/\/img.3cat.cat\/multimedia\/jpg\/3\/4\/1777561462243.jpg","mida":"326x184","titol":"Esglesia Cadaques","rel_name":"IMAGE"},{"text":"https:\/\/img.3cat.cat\/multimedia\/jpg\/1\/7\/1777561462071.jpg","mida":"1024x576","titol":"Esglesia Cadaques","rel_name":"IMAGE"},{"text":"https:\/\/img.3cat.cat\/multimedia\/jpg\/1\/3\/1777562444131.jpg","mida":"670x378","alt":"Fa\u00e7ana de l'esgl\u00e9sia de Santa Maria de Cadaqu\u00e9s amb signes visibles de deteriorament i color esgrogue\u00eft, pendent de ser repintada.","titol":"Esgl\u00e9sia Cadaqu\u00e9s","rel_name":"IMAGE"},{"text":"https:\/\/img.3cat.cat\/multimedia\/jpg\/8\/5\/1777562444058.jpg","mida":"326x184","alt":"Fa\u00e7ana de l'esgl\u00e9sia de Santa Maria de Cadaqu\u00e9s amb signes visibles de deteriorament i color esgrogue\u00eft, pendent de ser repintada.","titol":"Esgl\u00e9sia Cadaqu\u00e9s","rel_name":"IMAGE"},{"text":"https:\/\/img.3cat.cat\/multimedia\/jpg\/2\/4\/1777562443842.jpg","mida":"1024x576","alt":"Fa\u00e7ana de l'esgl\u00e9sia de Santa Maria de Cadaqu\u00e9s amb signes visibles de deteriorament i color esgrogue\u00eft, pendent de ser repintada.","titol":"Esgl\u00e9sia Cadaqu\u00e9s","rel_name":"IMAGE"}]},{"entradeta":"La cambra estudia emprendre accions legals per la intervenci\u00f3 d'Alberto Tarradas, que hores despr\u00e9s ha demanat perd\u00f3","permatitle":"Vox ataca al Parlament la diputada d'ERC Najat Driouech: \"No la deportarem, com a m\u00ednim de moment\"","tipologia":"NOT_NOTICIA","tags":[{"id":"EXTREMADRETA","idint":"52354","desc":"Extrema dreta","main":false},{"id":"ERC","idint":"52387","desc":"ERC","main":false},{"id":"ISLAMOFOBIA","idint":"52417","desc":"Islamof\u00f2bia","main":false},{"id":"RACISME","idint":"52520","desc":"Racisme","main":true},{"id":"VOX","idint":"52963","desc":"Vox","main":false},{"id":"PARLAMENTCAT","idint":"53132","desc":"Parlament de Catalunya","main":false},{"id":"POLITICA","idint":"56273","desc":"Pol\u00edtica","main":false}],"agrupacions":[{"id":"AGR_CINCMIN","idint":"56513","desc":"En 3 minuts","main":true}],"mediadestacat":"1","id":3407357,"data_modificacio":"30\/04\/2026 21:33:46","titol":"Vox ataca al Parlament la diputada d'ERC Najat Driouech: \"No la deportarem, almenys de moment\"","data_publicacio":"30\/04\/2026 17:56:26","domini":"N324","imatges":[{"text":"https:\/\/img.3cat.cat\/multimedia\/jpg\/6\/1\/1777564115216.jpg","mida":"670x378","titol":"imatgeweb (4)","rel_name":"IMAGE"},{"text":"https:\/\/img.3cat.cat\/multimedia\/jpg\/9\/5\/1777564115159.jpg","mida":"326x184","titol":"imatgeweb (4)","rel_name":"IMAGE"},{"text":"https:\/\/img.3cat.cat\/multimedia\/jpg\/2\/7\/1777564114972.jpg","mida":"1024x576","titol":"imatgeweb (4)","rel_name":"IMAGE"},{"text":"https:\/\/img.3cat.cat\/multimedia\/jpg\/7\/8\/1777564111987.jpg","mida":"670x378","titol":"imatgeweb (5)","rel_name":"IMAGE"},{"text":"https:\/\/img.3cat.cat\/multimedia\/jpg\/8\/1\/1777564111918.jpg","mida":"326x184","titol":"imatgeweb (5)","rel_name":"IMAGE"},{"text":"https:\/\/img.3cat.cat\/multimedia\/jpg\/9\/2\/1777564111729.jpg","mida":"1024x576","titol":"imatgeweb (5)","rel_name":"IMAGE"},{"text":"https:\/\/img.3cat.cat\/multimedia\/jpg\/2\/6\/1777564114762.jpg","mida":"670x378","titol":"imatgeweb (6)","rel_name":"IMAGE"},{"text":"https:\/\/img.3cat.cat\/multimedia\/jpg\/4\/9\/1777564114694.jpg","mida":"326x184","titol":"imatgeweb (6)","rel_name":"IMAGE"},{"text":"https:\/\/img.3cat.cat\/multimedia\/jpg\/7\/8\/1777564112187.jpg","mida":"1024x576","titol":"imatgeweb (6)","rel_name":"IMAGE"}]},{"entradeta":"La seva tasca va permetre que la gen\u00f2mica pass\u00e9s de ser un descobriment lent, gen per gen, a una ci\u00e8ncia escalable basada en dades","permatitle":"Mor el cient\u00edfic Craig Venter, pare del genoma hum\u00e0, als 79 anys","tipologia":"NOT_NOTICIA","tags":[{"id":"OBITUARI","idint":"52400","desc":"Obituari","main":false},{"id":"SOCIETAT","idint":"56272","desc":"Societat","main":false},{"id":"CIENCIATECNO","idint":"56280","desc":"Ci\u00e8ncia i tecnologia","main":true}],"agrupacions":[{"id":"AGR_CINCMIN","idint":"56513","desc":"En 3 minuts","main":true}],"mediadestacat":"1","id":3407338,"data_modificacio":"30\/04\/2026 17:49:49","titol":"Mor el cient\u00edfic Craig Venter, pare del genoma hum\u00e0, als 79 anys","data_publicacio":"30\/04\/2026 17:48:31","domini":"N324","imatges":[{"text":"https:\/\/img.3cat.cat\/multimedia\/jpg\/0\/7\/1777556523770.jpg","mida":"670x378","alt":"El cient\u00edfic Craig Venter","titol":"Craig Venter","rel_name":"IMAGE"},{"text":"https:\/\/img.3cat.cat\/multimedia\/jpg\/2\/1\/1777556523712.jpg","mida":"326x184","alt":"El cient\u00edfic Craig Venter","titol":"Craig Venter","rel_name":"IMAGE"},{"text":"https:\/\/img.3cat.cat\/multimedia\/jpg\/0\/4\/1777556523540.jpg","mida":"1024x576","alt":"El cient\u00edfic Craig Venter","titol":"Craig Venter","rel_name":"IMAGE"}]},{"entradeta":"L'Audi\u00e8ncia de Barcelona ordena rastrejar els m\u00f2bils que eren a la zona la nit de l'incendi","permatitle":"Reobren el cas de l'incendi a la mesquita de Piera per trobar-ne els autors","tipologia":"NOT_NOTICIA","comarques":[{"id":"ANOIA","idint":"56687","desc":"Anoia","main":false}],"tags":[{"id":"SOCIETAT","idint":"56272","desc":"Societat","main":false},{"id":"POLICIALJUDI","idint":"56285","desc":"Policial i judicial","main":false},{"id":"ANOIA","idint":"56687","desc":"Anoia","main":false}],"agrupacions":[{"id":"AGR_CINCMIN","idint":"56513","desc":"En 3 minuts","main":true}],"mediadestacat":"3","videos":[{"id":"6401686","domini":"SENSE","tipologia":"DTY_VIDEO_MM","titol":"L'Audi\u00e8ncia de Barcelona reobre el cas de l'incendi a la mesquita de Piera del juliol de l'any passat","imatges":[{"text":"https:\/\/img.3cat.cat\/multimedia\/jpg\/0\/8\/1777562784980.jpg","mida":"1014x570","titol":"471365_50782752_REOBRE_INVESTIGACIO_INCENDI_MESQUITA_PIERA_0.jpg","rel_name":"KEYVIDEO"},{"text":"https:\/\/img.3cat.cat\/multimedia\/jpg\/0\/8\/1777562783380.jpg","mida":"120x68","titol":"471365_50782752_REOBRE_INVESTIGACIO_INCENDI_MESQUITA_PIERA_0.jpg","rel_name":"KEYVIDEO"},{"text":"https:\/\/img.3cat.cat\/multimedia\/jpg\/0\/9\/1777562784590.jpg","mida":"200x113","titol":"471365_50782752_REOBRE_INVESTIGACIO_INCENDI_MESQUITA_PIERA_0.jpg","rel_name":"KEYVIDEO"},{"text":"https:\/\/img.3cat.cat\/multimedia\/jpg\/2\/6\/1777562784662.jpg","mida":"320x180","titol":"471365_50782752_REOBRE_INVESTIGACIO_INCENDI_MESQUITA_PIERA_0.jpg","rel_name":"KEYVIDEO"},{"text":"https:\/\/img.3cat.cat\/multimedia\/jpg\/5\/2\/1777562784725.jpg","mida":"326x184","titol":"471365_50782752_REOBRE_INVESTIGACIO_INCENDI_MESQUITA_PIERA_0.jpg","rel_name":"KEYVIDEO"},{"text":"https:\/\/img.3cat.cat\/multimedia\/jpg\/1\/0\/1777562784801.jpg","mida":"426x240","titol":"471365_50782752_REOBRE_INVESTIGACIO_INCENDI_MESQUITA_PIERA_0.jpg","rel_name":"KEYVIDEO"},{"text":"https:\/\/img.3cat.cat\/multimedia\/jpg\/4\/9\/1777562784894.jpg","mida":"670x378","titol":"471365_50782752_REOBRE_INVESTIGACIO_INCENDI_MESQUITA_PIERA_0.jpg","rel_name":"KEYVIDEO"}]}],"id":3407346,"data_modificacio":"30\/04\/2026 21:09:50","titol":"Reobren el cas de l'incendi a la mesquita de Piera per trobar-ne els autors","data_publicacio":"30\/04\/2026 17:04:12","domini":"N324","imatges":[{"text":"https:\/\/img.3cat.cat\/multimedia\/jpeg\/6\/6\/1768130525966.jpeg","mida":"670x378","alt":"La mesquita de Piera durant la reconstrucci\u00f3 sis mesos despr\u00e9s de l'incendi","titol":"Sis mesos de l'incendi a la mesquita de Piera","rel_name":"IMAGE"},{"text":"https:\/\/img.3cat.cat\/multimedia\/jpeg\/2\/1\/1768130525812.jpeg","mida":"326x184","alt":"La mesquita de Piera durant la reconstrucci\u00f3 sis mesos despr\u00e9s de l'incendi","titol":"Sis mesos de l'incendi a la mesquita de Piera","rel_name":"IMAGE"},{"text":"https:\/\/img.3cat.cat\/multimedia\/jpeg\/9\/7\/1768130525479.jpeg","mida":"1024x576","alt":"La mesquita de Piera durant la reconstrucci\u00f3 sis mesos despr\u00e9s de l'incendi","titol":"Sis mesos de l'incendi a la mesquita de Piera","rel_name":"IMAGE"},{"text":"https:\/\/img.3cat.cat\/multimedia\/jpg\/6\/8\/1777560034986.jpg","mida":"670x378","alt":"Manifestaci\u00f3 a Piera contra la islamof\u00f2bia","titol":"cbbd9aa8-dc29-4a55-9db3-95b83f874075","rel_name":"IMAGE"},{"text":"https:\/\/img.3cat.cat\/multimedia\/jpg\/9\/8\/1777560034889.jpg","mida":"326x184","alt":"Manifestaci\u00f3 a Piera contra la islamof\u00f2bia","titol":"cbbd9aa8-dc29-4a55-9db3-95b83f874075","rel_name":"IMAGE"},{"text":"https:\/\/img.3cat.cat\/multimedia\/jpg\/5\/1\/1777560034615.jpg","mida":"1024x576","alt":"Manifestaci\u00f3 a Piera contra la islamof\u00f2bia","titol":"cbbd9aa8-dc29-4a55-9db3-95b83f874075","rel_name":"IMAGE"}]},{"entradeta":"Les associacions de fam\u00edlies d'alumnes de Catalunya, que reclamen al departament que mogui fitxa i parli amb totes les parts, demanen que es preservin els drets de l'alumnat","permatitle":"Malestar de les fam\u00edlies per l'amena\u00e7a dels docents de no fer sortides i col\u00f2nies","tipologia":"NOT_NOTICIA","tags":[{"id":"EDUCACIO","idint":"52216","desc":"Educaci\u00f3","main":true},{"id":"GENERALITAT","idint":"53133","desc":"Generalitat de Catalunya","main":false},{"id":"SOCIETAT","idint":"56272","desc":"Societat","main":false}],"agrupacions":[{"id":"AGR_CINCMIN","idint":"56513","desc":"En 3 minuts","main":true}],"mediadestacat":"3","videos":[{"id":"6401684","domini":"SENSE","tipologia":"DTY_VIDEO_MM","titol":"Les fam\u00edlies d'alumnes reclamen a Educaci\u00f3 que es torni a asseure amb els sindicats","imatges":[{"text":"https:\/\/img.3cat.cat\/multimedia\/jpg\/0\/3\/1777562753230.jpg","mida":"1014x570","titol":"471363_50782345_FAMILIES_INDIGNACIO_PROTESTA_MESTRES_0.jpg","rel_name":"KEYVIDEO"},{"text":"https:\/\/img.3cat.cat\/multimedia\/jpg\/3\/2\/1777562750823.jpg","mida":"120x68","titol":"471363_50782345_FAMILIES_INDIGNACIO_PROTESTA_MESTRES_0.jpg","rel_name":"KEYVIDEO"},{"text":"https:\/\/img.3cat.cat\/multimedia\/jpg\/1\/6\/1777562752661.jpg","mida":"200x113","titol":"471363_50782345_FAMILIES_INDIGNACIO_PROTESTA_MESTRES_0.jpg","rel_name":"KEYVIDEO"},{"text":"https:\/\/img.3cat.cat\/multimedia\/jpg\/9\/6\/1777562752769.jpg","mida":"320x180","titol":"471363_50782345_FAMILIES_INDIGNACIO_PROTESTA_MESTRES_0.jpg","rel_name":"KEYVIDEO"},{"text":"https:\/\/img.3cat.cat\/multimedia\/jpg\/4\/8\/1777562752884.jpg","mida":"326x184","titol":"471363_50782345_FAMILIES_INDIGNACIO_PROTESTA_MESTRES_0.jpg","rel_name":"KEYVIDEO"},{"text":"https:\/\/img.3cat.cat\/multimedia\/jpg\/6\/8\/1777562752986.jpg","mida":"426x240","titol":"471363_50782345_FAMILIES_INDIGNACIO_PROTESTA_MESTRES_0.jpg","rel_name":"KEYVIDEO"},{"text":"https:\/\/img.3cat.cat\/multimedia\/jpg\/3\/1\/1777562753113.jpg","mida":"670x378","titol":"471363_50782345_FAMILIES_INDIGNACIO_PROTESTA_MESTRES_0.jpg","rel_name":"KEYVIDEO"}]}],"id":3407305,"data_modificacio":"30\/04\/2026 21:07:34","titol":"Malestar de les fam\u00edlies per l'amena\u00e7a dels docents de no fer col\u00f2nies: \"Educaci\u00f3 s'ha d'asseure\"","data_publicacio":"30\/04\/2026 16:22:15","domini":"N324","imatges":[{"text":"https:\/\/img.3cat.cat\/multimedia\/jpeg\/4\/8\/1777555286784.jpeg","mida":"670x378","alt":"Nens i nenes de col\u00f2nies  mas Banyeres de Centelles, 2026","titol":"Nens i nenes de col\u00f2nies ACN Laura Busquets","rel_name":"IMAGE"},{"text":"https:\/\/img.3cat.cat\/multimedia\/jpeg\/5\/2\/1777555286725.jpeg","mida":"326x184","alt":"Nens i nenes de col\u00f2nies  mas Banyeres de Centelles, 2026","titol":"Nens i nenes de col\u00f2nies ACN Laura Busquets","rel_name":"IMAGE"},{"text":"https:\/\/img.3cat.cat\/multimedia\/jpeg\/2\/6\/1777555286562.jpeg","mida":"1024x576","alt":"Nens i nenes de col\u00f2nies  mas Banyeres de Centelles, 2026","titol":"Nens i nenes de col\u00f2nies ACN Laura Busquets","rel_name":"IMAGE"},{"text":"https:\/\/img.3cat.cat\/multimedia\/jpg\/7\/0\/1777552302307.jpg","mida":"670x378","alt":"Alumnes descansat al pati de l'escola","titol":"pati escola p\u00fablica no col\u00f2nies 3Cat","rel_name":"IMAGE"},{"text":"https:\/\/img.3cat.cat\/multimedia\/jpg\/4\/5\/1777552302254.jpg","mida":"326x184","alt":"Alumnes descansat al pati de l'escola","titol":"pati escola p\u00fablica no col\u00f2nies 3Cat","rel_name":"IMAGE"},{"text":"https:\/\/img.3cat.cat\/multimedia\/jpg\/0\/9\/1777552302090.jpg","mida":"1024x576","alt":"Alumnes descansat al pati de l'escola","titol":"pati escola p\u00fablica no col\u00f2nies 3Cat","rel_name":"IMAGE"},{"text":"https:\/\/img.3cat.cat\/multimedia\/jpg\/3\/6\/1777555112463.jpg","mida":"670x378","alt":"ls docents han decidit fer m\u00e9s vagues abans de final de curs","titol":"vaga mestres cartell 3Cat","rel_name":"IMAGE"},{"text":"https:\/\/img.3cat.cat\/multimedia\/jpg\/2\/0\/1777555112402.jpg","mida":"326x184","alt":"ls docents han decidit fer m\u00e9s vagues abans de final de curs","titol":"vaga mestres cartell 3Cat","rel_name":"IMAGE"},{"text":"https:\/\/img.3cat.cat\/multimedia\/jpg\/8\/4\/1777555112248.jpg","mida":"1024x576","alt":"ls docents han decidit fer m\u00e9s vagues abans de final de curs","titol":"vaga mestres cartell 3Cat","rel_name":"IMAGE"}]},{"entradeta":"La psic\u00f2loga Elena Puig Guitart i la soci\u00f2loga Alexandra Farbiarz Mas analitzen a la s\u00e8rie \"Com ho portes?\" de Catalunya R\u00e0dio com gestionar l'ecoansietat en un context de sobreinformaci\u00f3 clim\u00e0tica ","permatitle":"Ecoansietat: com protegir la salut mental en un m\u00f3n ca\u00f2tic?","avantitol":"\"Com ho portes?\"","tipologia":"NOT_NOTICIA","tags":[{"id":"UNIVERS3CAT","idint":"56436","desc":"Univers 3Cat","main":true}],"agrupacions":[{"id":"SEOMDP","idint":"56449","desc":"SEO-mdp","main":true},{"id":"CAT57087","idint":"57087","desc":"univers-radio","main":false}],"canals":[{"id":"PUCCR","idint":"50769","desc":"Catalunya R\u00e0dio","main":true}],"mediadestacat":"1","id":3407242,"data_modificacio":"30\/04\/2026 16:07:42","titol":"Ecoansietat: com protegir la salut mental en un m\u00f3n ca\u00f2tic?","data_publicacio":"30\/04\/2026 16:04:49","domini":"PUCR","imatges":[{"text":"https:\/\/img.3cat.cat\/multimedia\/jpg\/4\/3\/1777231242934.jpg","mida":"670x378","alt":"Not\u00edcies i 'Ecoansietat' Com protegir la teva salut mental en un m\u00f3n ca\u00f2tic","titol":"T1xC10 - Not\u00edcies i 'Ecoansietat' Com protegir la teva salut mental en un m\u00f3n ca\u00f2tic","rel_name":"IMAGE"},{"text":"https:\/\/img.3cat.cat\/multimedia\/jpg\/3\/4\/1777231241743.jpg","mida":"326x184","alt":"Not\u00edcies i 'Ecoansietat' Com protegir la teva salut mental en un m\u00f3n ca\u00f2tic","titol":"T1xC10 - Not\u00edcies i 'Ecoansietat' Com protegir la teva salut mental en un m\u00f3n ca\u00f2tic","rel_name":"IMAGE"}]},{"entradeta":"La reforma busca garantir el dret a l'avortament en condicions d'igualtat a tot l'Estat, per\u00f2 el govern espanyol no t\u00e9 els suports necessaris","permatitle":"El Congr\u00e9s tramitar\u00e0 la reforma constitucional per blindar l'avortament, que dif\u00edcilment prosperar\u00e0","tipologia":"NOT_NOTICIA","tags":[{"id":"SALUT","idint":"52217","desc":"Salut","main":false},{"id":"AVORTAMENT","idint":"52623","desc":"Avortament ","main":true},{"id":"CONSTITUCIOE","idint":"53045","desc":"Constituci\u00f3 espanyola","main":false},{"id":"POLITICA","idint":"56273","desc":"Pol\u00edtica","main":false}],"agrupacions":[{"id":"AGR_CINCMIN","idint":"56513","desc":"En 3 minuts","main":true}],"mediadestacat":"1","autors":[{"id":"12030","desc":"Periodista de 3CatInfo","nom":"Aiats Agust\u00ed","carrec":"Periodista de 3CatInfo","tipologia":"NOT_AUTOR","titol":"Aiats Agust\u00ed","data_publicacio":"29\/01\/2023 09:05:47"}],"id":3407277,"data_modificacio":"30\/04\/2026 15:52:54","titol":"El Congr\u00e9s tramitar\u00e0 la reforma constitucional per blindar l'avortament, que dif\u00edcilment prosperar\u00e0","data_publicacio":"30\/04\/2026 15:15:23","domini":"N324","imatges":[{"text":"https:\/\/img.3cat.cat\/multimedia\/jpg\/0\/7\/1777549652670.jpg","mida":"670x378","alt":"Una manifestant amb una pancarta a favor de l'avortament durant les manifestacions del 8M","titol":"Una manifestant amb una pancarta a favor de l'avortament durant les manifestacions del 8M","rel_name":"IMAGE"},{"text":"https:\/\/img.3cat.cat\/multimedia\/jpg\/4\/1\/1777549652614.jpg","mida":"326x184","alt":"Una manifestant amb una pancarta a favor de l'avortament durant les manifestacions del 8M","titol":"Una manifestant amb una pancarta a favor de l'avortament durant les manifestacions del 8M","rel_name":"IMAGE"},{"text":"https:\/\/img.3cat.cat\/multimedia\/jpg\/6\/2\/1777549652426.jpg","mida":"1024x576","alt":"Una manifestant amb una pancarta a favor de l'avortament durant les manifestacions del 8M","titol":"Una manifestant amb una pancarta a favor de l'avortament durant les manifestacions del 8M","rel_name":"IMAGE"},{"text":"https:\/\/img.3cat.cat\/multimedia\/jpg\/3\/5\/1777549653153.jpg","mida":"670x378","alt":"La ministra d'Igualtat, Ana Redondo, durant el ple del Congr\u00e9s","titol":"La ministra d'Igualtat, Ana Redondo, durant el ple del Congr\u00e9s","rel_name":"IMAGE"},{"text":"https:\/\/img.3cat.cat\/multimedia\/jpg\/6\/9\/1777549653096.jpg","mida":"326x184","alt":"La ministra d'Igualtat, Ana Redondo, durant el ple del Congr\u00e9s","titol":"La ministra d'Igualtat, Ana Redondo, durant el ple del Congr\u00e9s","rel_name":"IMAGE"},{"text":"https:\/\/img.3cat.cat\/multimedia\/jpg\/3\/6\/1777549652863.jpg","mida":"1024x576","alt":"La ministra d'Igualtat, Ana Redondo, durant el ple del Congr\u00e9s","titol":"La ministra d'Igualtat, Ana Redondo, durant el ple del Congr\u00e9s","rel_name":"IMAGE"}]},{"entradeta":"El Consorci per a la Normalitzaci\u00f3 Ling\u00fc\u00edstica organitza pr\u00e0ctiques de catal\u00e0 fora de l'aula per perdre la por i generar confian\u00e7a amb la llengua","permatitle":"Aprendre catal\u00e0 als comer\u00e7os locals: Tarragona fa pr\u00e0ctiques ling\u00fc\u00edstiques en situacions reals","tipologia":"NOT_NOTICIA","tags":[{"id":"EDUCACIO","idint":"52216","desc":"Educaci\u00f3","main":false},{"id":"MIGRACIONS","idint":"52226","desc":"Migracions","main":false},{"id":"CATALA","idint":"52641","desc":"Catal\u00e0 ","main":true},{"id":"SOCIETAT","idint":"56272","desc":"Societat","main":false},{"id":"TARRAGONA","idint":"56567","desc":"Tarragona","main":false}],"agrupacions":[{"id":"AGR_CINCMIN","idint":"56513","desc":"En 3 minuts","main":true}],"mediadestacat":"3","videos":[{"id":"6401631","domini":"SENSE","tipologia":"DTY_VIDEO_MM","titol":"Estudiants de catal\u00e0 practiquen la llengua en comer\u00e7os de proximitat","imatges":[{"text":"https:\/\/img.3cat.cat\/multimedia\/jpg\/0\/1\/1777552428110.jpg","mida":"1014x570","titol":"919593_6345944_PRACTIQUES_LINGUISTIQUES_A_COMERCOS_0.jpg","rel_name":"KEYVIDEO"},{"text":"https:\/\/img.3cat.cat\/multimedia\/jpg\/6\/3\/1777552426136.jpg","mida":"120x68","titol":"919593_6345944_PRACTIQUES_LINGUISTIQUES_A_COMERCOS_0.jpg","rel_name":"KEYVIDEO"},{"text":"https:\/\/img.3cat.cat\/multimedia\/jpg\/1\/3\/1777552426231.jpg","mida":"200x113","titol":"919593_6345944_PRACTIQUES_LINGUISTIQUES_A_COMERCOS_0.jpg","rel_name":"KEYVIDEO"},{"text":"https:\/\/img.3cat.cat\/multimedia\/jpg\/3\/0\/1777552426303.jpg","mida":"320x180","titol":"919593_6345944_PRACTIQUES_LINGUISTIQUES_A_COMERCOS_0.jpg","rel_name":"KEYVIDEO"},{"text":"https:\/\/img.3cat.cat\/multimedia\/jpg\/4\/3\/1777552427834.jpg","mida":"326x184","titol":"919593_6345944_PRACTIQUES_LINGUISTIQUES_A_COMERCOS_0.jpg","rel_name":"KEYVIDEO"},{"text":"https:\/\/img.3cat.cat\/multimedia\/jpg\/8\/3\/1777552427938.jpg","mida":"426x240","titol":"919593_6345944_PRACTIQUES_LINGUISTIQUES_A_COMERCOS_0.jpg","rel_name":"KEYVIDEO"},{"text":"https:\/\/img.3cat.cat\/multimedia\/jpg\/8\/1\/1777552428018.jpg","mida":"670x378","titol":"919593_6345944_PRACTIQUES_LINGUISTIQUES_A_COMERCOS_0.jpg","rel_name":"KEYVIDEO"}]}],"id":3406054,"data_modificacio":"30\/04\/2026 15:00:02","titol":"Aprendre catal\u00e0 als comer\u00e7os locals: Tarragona fa pr\u00e0ctiques ling\u00fc\u00edstiques en situacions reals","data_publicacio":"30\/04\/2026 14:59:00","domini":"N324","imatges":[{"text":"https:\/\/img.3cat.cat\/multimedia\/jpg\/5\/5\/1777541895955.jpg","mida":"670x378","titol":"Catal\u00e0","rel_name":"IMAGE"},{"text":"https:\/\/img.3cat.cat\/multimedia\/jpg\/2\/0\/1777541895902.jpg","mida":"326x184","titol":"Catal\u00e0","rel_name":"IMAGE"},{"text":"https:\/\/img.3cat.cat\/multimedia\/jpg\/7\/3\/1777541895737.jpg","mida":"1024x576","titol":"Catal\u00e0","rel_name":"IMAGE"},{"text":"https:\/\/img.3cat.cat\/multimedia\/jpg\/5\/1\/1777020010115.jpg","mida":"670x378","titol":"L'Andrea i el Lorenzo fent pr\u00e0ctiques ling\u00fc\u00edstiques al celler Rovira","rel_name":"IMAGE"},{"text":"https:\/\/img.3cat.cat\/multimedia\/jpg\/8\/5\/1777020010058.jpg","mida":"326x184","titol":"L'Andrea i el Lorenzo fent pr\u00e0ctiques ling\u00fc\u00edstiques al celler Rovira","rel_name":"IMAGE"},{"text":"https:\/\/img.3cat.cat\/multimedia\/jpg\/0\/9\/1777020009890.jpg","mida":"1024x576","titol":"L'Andrea i el Lorenzo fent pr\u00e0ctiques ling\u00fc\u00edstiques al celler Rovira","rel_name":"IMAGE"},{"text":"https:\/\/img.3cat.cat\/multimedia\/jpg\/2\/3\/1777020156232.jpg","mida":"670x378","titol":"Dunia","rel_name":"IMAGE"},{"text":"https:\/\/img.3cat.cat\/multimedia\/jpg\/0\/5\/1777020156150.jpg","mida":"326x184","titol":"Dunia","rel_name":"IMAGE"},{"text":"https:\/\/img.3cat.cat\/multimedia\/jpg\/6\/4\/1777020155946.jpg","mida":"1024x576","titol":"Dunia","rel_name":"IMAGE"}]},{"entradeta":"Els blanc-i-blaus s'exigeixen mentalitat i esperen els blancs sense opcions al t\u00edtol","permatitle":"Edu Exp\u00f3sito: \"Vull un Espanyol fort i un Madrid pensant en el Mundial\"","avantitol":"ESPANYOL","tipologia":"NOT_NOTICIA","tematiques":[{"id":"PUE3_ESPANYO","idint":"50422","desc":"Espanyol","main":false},{"id":"PUE3_FUT1","idint":"50427","desc":"Futbol - 1a divisi\u00f3","main":true}],"mediadestacat":"1","id":3407318,"data_modificacio":"30\/04\/2026 16:47:08","titol":"Edu Exp\u00f3sito: \"Vull un Espanyol fort i un Madrid pensant en el Mundial\"","data_publicacio":"30\/04\/2026 14:51:37","domini":"PUE3","imatges":[{"text":"https:\/\/img.3cat.cat\/multimedia\/jpg\/5\/4\/1777553409245.jpg","mida":"670x378","titol":"EuropaPress_7312844_edu_exposito_of_rcd_espanyol_celebrates_goal_during_the_spanish_league","rel_name":"IMAGE"},{"text":"https:\/\/img.3cat.cat\/multimedia\/jpg\/2\/9\/1777553409192.jpg","mida":"326x184","titol":"EuropaPress_7312844_edu_exposito_of_rcd_espanyol_celebrates_goal_during_the_spanish_league","rel_name":"IMAGE"},{"text":"https:\/\/img.3cat.cat\/multimedia\/jpg\/1\/0\/1777553409401.jpg","mida":"1024x576","titol":"EuropaPress_7312844_edu_exposito_of_rcd_espanyol_celebrates_goal_during_the_spanish_league","rel_name":"IMAGE"},{"text":"https:\/\/img.3cat.cat\/multimedia\/jpg\/8\/3\/1777552851738.jpg","mida":"670x378","titol":"55240432605_b8af423c13_c","rel_name":"IMAGE"},{"text":"https:\/\/img.3cat.cat\/multimedia\/jpg\/0\/9\/1777552851690.jpg","mida":"326x184","titol":"55240432605_b8af423c13_c","rel_name":"IMAGE"},{"text":"https:\/\/img.3cat.cat\/multimedia\/jpg\/1\/5\/1777552851851.jpg","mida":"1024x576","titol":"55240432605_b8af423c13_c","rel_name":"IMAGE"}]},{"entradeta":"Prop de la meitat dels vehicles previstos ja han sortit de l'\u00e0rea metropolitana i les vies que han presentat m\u00e9s problemes han estat l'AP-7, les rondes i la C-32","permatitle":"Operaci\u00f3 sortida de l'1 de maig amb pluja i sense carrils addicionals","tipologia":"NOT_NOTICIA","tags":[{"id":"TRANSIT","idint":"52519","desc":"Tr\u00e0nsit","main":true},{"id":"SOCIETAT","idint":"56272","desc":"Societat","main":false}],"agrupacions":[{"id":"AGR_CINCMIN","idint":"56513","desc":"En 3 minuts","main":true}],"mediadestacat":"1","id":3407259,"data_modificacio":"30\/04\/2026 21:56:00","titol":"Operaci\u00f3 sortida de l'1 de maig amb pluja i sense carrils addicionals","data_publicacio":"30\/04\/2026 14:48:18","domini":"N324","imatges":[{"text":"https:\/\/img.3cat.cat\/multimedia\/jpg\/8\/3\/1763370326738.jpg","mida":"670x378","alt":"Imatge del tr\u00e0nsit de l'AP7","titol":"Operaci\u00f3 sortida amb pluja i sense carrils addicionals","rel_name":"IMAGE"},{"text":"https:\/\/img.3cat.cat\/multimedia\/jpg\/1\/0\/1763370327501.jpg","mida":"326x184","alt":"Imatge del tr\u00e0nsit de l'AP7","titol":"Operaci\u00f3 sortida amb pluja i sense carrils addicionals","rel_name":"IMAGE"},{"text":"https:\/\/img.3cat.cat\/multimedia\/jpg\/5\/7\/1766134075275.jpg","mida":"670x378","alt":"Mossos d'Esquadra en un control ","titol":"Operaci\u00f3 sortida amb pluja i sense carrils addicionals","rel_name":"IMAGE"},{"text":"https:\/\/img.3cat.cat\/multimedia\/jpg\/7\/3\/1766134075337.jpg","mida":"326x184","alt":"Mossos d'Esquadra en un control ","titol":"Operaci\u00f3 sortida amb pluja i sense carrils addicionals","rel_name":"IMAGE"}]},{"entradeta":"La resid\u00e8ncia Santa Susanna assumeix la venda de premsa escrita en aquest municipi del Vall\u00e8s Oriental tres anys despr\u00e9s de quedar-se sense quiosc","permatitle":"Caldes de Montbui recupera la venda de premsa escrita tres anys despr\u00e9s","tipologia":"NOT_NOTICIA","comarques":[{"id":"VALLESORIENT","idint":"56695","desc":"Vall\u00e8s Oriental","main":true}],"tags":[{"id":"CATALA","idint":"52641","desc":"Catal\u00e0 ","main":false},{"id":"SOCIETAT","idint":"56272","desc":"Societat","main":false},{"id":"VALLESORIENT","idint":"56695","desc":"Vall\u00e8s Oriental","main":true},{"id":"GENTGRAN","idint":"57094","desc":"Gent gran","main":false}],"agrupacions":[{"id":"AGR_CINCMIN","idint":"56513","desc":"En 3 minuts","main":true}],"mediadestacat":"3","autors":[{"id":"13630","desc":"Periodista de TV3 a la delegaci\u00f3 del Vall\u00e8s i el Maresme","nom":"Josep Maria Porta Palau","carrec":"Periodista de TV3 a la delegaci\u00f3 del Vall\u00e8s i el Maresme","tipologia":"NOT_AUTOR","titol":"Josep Maria Porta Palau","data_publicacio":"25\/03\/2024 07:55:58"},{"id":"14910","desc":"Periodista de 3CatInfo a la delegaci\u00f3 del Vall\u00e8s i el Maresme","nom":"Anna Lasaga Hertogs","carrec":"Periodista de 3CatInfo a la delegaci\u00f3 del Vall\u00e8s i el Maresme","tipologia":"NOT_AUTOR","titol":"Anna Lasaga Hertogs","data_publicacio":"14\/04\/2025 09:04:00"}],"videos":[{"id":"6401642","domini":"SENSE","tipologia":"DTY_VIDEO_MM","titol":"Caldes de Montbui torna a tenir un punt per comprar diaris i revistes","imatges":[{"text":"https:\/\/img.3cat.cat\/multimedia\/png\/8\/9\/1777576910798.png","mida":"1014x570","titol":"videoframe_61783","rel_name":"KEYVIDEO"},{"text":"https:\/\/img.3cat.cat\/multimedia\/png\/4\/9\/1777576906594.png","mida":"120x68","titol":"videoframe_61783","rel_name":"KEYVIDEO"},{"text":"https:\/\/img.3cat.cat\/multimedia\/png\/2\/7\/1777576907272.png","mida":"200x113","titol":"videoframe_61783","rel_name":"KEYVIDEO"},{"text":"https:\/\/img.3cat.cat\/multimedia\/png\/1\/2\/1777576908021.png","mida":"320x180","titol":"videoframe_61783","rel_name":"KEYVIDEO"},{"text":"https:\/\/img.3cat.cat\/multimedia\/png\/6\/1\/1777576908716.png","mida":"326x184","titol":"videoframe_61783","rel_name":"KEYVIDEO"},{"text":"https:\/\/img.3cat.cat\/multimedia\/png\/0\/8\/1777576909480.png","mida":"426x240","titol":"videoframe_61783","rel_name":"KEYVIDEO"},{"text":"https:\/\/img.3cat.cat\/multimedia\/png\/2\/4\/1777576910142.png","mida":"670x378","titol":"videoframe_61783","rel_name":"KEYVIDEO"}]}],"id":3406545,"data_modificacio":"30\/04\/2026 14:50:38","titol":"Caldes de Montbui recupera la venda de premsa escrita tres anys despr\u00e9s","data_publicacio":"30\/04\/2026 14:45:44","domini":"N324","imatges":[{"text":"https:\/\/img.3cat.cat\/multimedia\/jpg\/2\/8\/1777283617182.jpg","mida":"670x378","titol":"Punt de venda de diaris i revistes a Caldes","rel_name":"IMAGE"},{"text":"https:\/\/img.3cat.cat\/multimedia\/jpg\/2\/2\/1777283617122.jpg","mida":"326x184","titol":"Punt de venda de diaris i revistes a Caldes","rel_name":"IMAGE"},{"text":"https:\/\/img.3cat.cat\/multimedia\/jpg\/6\/6\/1777283616966.jpg","mida":"1024x576","titol":"Punt de venda de diaris i revistes a Caldes","rel_name":"IMAGE"}]},{"entradeta":"Una setantena de cellers exhibiran el seu vi en una edici\u00f3 que recupera la trobada de professionals, amb 150 participants de tots els \u00e0mbits  ","permatitle":"31a Fira del Vi de Falset: trobada entre cellers i consumidors, marcada pels aranzels i la sequera","tipologia":"NOT_NOTICIA","comarques":[{"id":"PRIORAT","idint":"56685","desc":"Priorat","main":true}],"tags":[{"id":"TURISME","idint":"52398","desc":"Turisme","main":false},{"id":"AGRICULTURA","idint":"53383","desc":"Agricultura","main":false},{"id":"EMPRESA","idint":"54228","desc":"Empresa","main":false},{"id":"PRIORAT","idint":"56685","desc":"Priorat","main":true}],"agrupacions":[{"id":"AGR_CINCMIN","idint":"56513","desc":"En 3 minuts","main":true}],"mediadestacat":"3","autors":[{"id":"16590","desc":"Periodista de 3CatInfo a la delegaci\u00f3 de Tarragona. ","nom":"Dol\u00e7a Tello Miret","carrec":"Periodista de 3CatInfo a la delegaci\u00f3 de Tarragona. ","tipologia":"NOT_AUTOR","titol":"Dol\u00e7a Tello Miret","data_publicacio":"19\/02\/2026 10:50:00"}],"videos":[{"id":"6401635","domini":"SENSE","tipologia":"DTY_VIDEO_MM","titol":"Falset, a punt per a la 31a Fira del Vi","imatges":[{"text":"https:\/\/img.3cat.cat\/multimedia\/png\/3\/1\/1777576973613.png","mida":"1014x570","titol":"videoframe_79549","rel_name":"KEYVIDEO"},{"text":"https:\/\/img.3cat.cat\/multimedia\/png\/5\/5\/1777576969655.png","mida":"120x68","titol":"videoframe_79549","rel_name":"KEYVIDEO"},{"text":"https:\/\/img.3cat.cat\/multimedia\/png\/9\/7\/1777576970279.png","mida":"200x113","titol":"videoframe_79549","rel_name":"KEYVIDEO"},{"text":"https:\/\/img.3cat.cat\/multimedia\/png\/7\/1\/1777576970917.png","mida":"320x180","titol":"videoframe_79549","rel_name":"KEYVIDEO"},{"text":"https:\/\/img.3cat.cat\/multimedia\/png\/2\/9\/1777576971592.png","mida":"326x184","titol":"videoframe_79549","rel_name":"KEYVIDEO"},{"text":"https:\/\/img.3cat.cat\/multimedia\/png\/6\/7\/1777576972276.png","mida":"426x240","titol":"videoframe_79549","rel_name":"KEYVIDEO"},{"text":"https:\/\/img.3cat.cat\/multimedia\/png\/7\/8\/1777576972987.png","mida":"670x378","titol":"videoframe_79549","rel_name":"KEYVIDEO"}]}],"audios":[{"id":"1278315","desc":"El Priorat es prepara per a la Fira de Falset","nom":"WCR_AUDIOMM","tipologia":"WCR_AUDIO_MM"}],"id":3407039,"data_modificacio":"30\/04\/2026 14:46:37","titol":"31a Fira del Vi de Falset: trobada entre cellers i consumidors, marcada pels aranzels i la sequera","data_publicacio":"30\/04\/2026 14:44:52","domini":"N324","imatges":[{"text":"https:\/\/img.3cat.cat\/multimedia\/jpg\/7\/9\/1746191760697.jpg","mida":"670x378","titol":"FIRA DEL VI DE FALSET, 30 ANYS","rel_name":"IMAGE"},{"text":"https:\/\/img.3cat.cat\/multimedia\/jpg\/4\/6\/1746191758164.jpg","mida":"326x184","titol":"FIRA DEL VI DE FALSET, 30 ANYS","rel_name":"IMAGE"},{"text":"https:\/\/img.3cat.cat\/multimedia\/jpg\/5\/1\/1777463810415.jpg","mida":"670x378","titol":"IMG_8790","rel_name":"IMAGE"},{"text":"https:\/\/img.3cat.cat\/multimedia\/jpg\/4\/5\/1777463810354.jpg","mida":"326x184","titol":"IMG_8790","rel_name":"IMAGE"},{"text":"https:\/\/img.3cat.cat\/multimedia\/jpg\/3\/7\/1777463810173.jpg","mida":"1024x576","titol":"IMG_8790","rel_name":"IMAGE"}]},{"entradeta":"El Bar\u00e7a s'ha interessat per l'actual davanter de l'Osasuna, que fa uns anys va formar part del planter blaugrana","permatitle":"Els motius pels quals el Bar\u00e7a va donar de baixa V\u00edctor Mu\u00f1oz","avantitol":"bar\u00e7a","tipologia":"NOT_NOTICIA","tematiques":[{"id":"PUE3_BARCA","idint":"50421","desc":"Bar\u00e7a","main":true},{"id":"PUE3_FUTBOL","idint":"50426","desc":"Futbol","main":false},{"id":"PUE3_FUT1","idint":"50427","desc":"Futbol - 1a divisi\u00f3","main":false}],"tags":[{"id":"RMADRID","idint":"52431","desc":"Reial Madrid","main":true}],"mediadestacat":"1","videos":[{"id":"6401475","domini":"SENSE","tipologia":"DTY_VIDEO_MM","titol":"T3xC30 - Quan podr\u00e0 tornar realment a jugar Lamine Yamal?","imatges":[{"text":"https:\/\/img.3cat.cat\/multimedia\/jpg\/3\/2\/1777475590823.jpg","mida":"1014x570","titol":"Barcareservat_169_1920x1080_T3_cap30","rel_name":"KEYVIDEO"},{"text":"https:\/\/img.3cat.cat\/multimedia\/jpg\/9\/5\/1777475588159.jpg","mida":"120x68","titol":"Barcareservat_169_1920x1080_T3_cap30","rel_name":"KEYVIDEO"},{"text":"https:\/\/img.3cat.cat\/multimedia\/jpg\/5\/7\/1777475588575.jpg","mida":"200x113","titol":"Barcareservat_169_1920x1080_T3_cap30","rel_name":"KEYVIDEO"},{"text":"https:\/\/img.3cat.cat\/multimedia\/jpg\/0\/3\/1777475589030.jpg","mida":"320x180","titol":"Barcareservat_169_1920x1080_T3_cap30","rel_name":"KEYVIDEO"},{"text":"https:\/\/img.3cat.cat\/multimedia\/jpg\/8\/6\/1777475589468.jpg","mida":"326x184","titol":"Barcareservat_169_1920x1080_T3_cap30","rel_name":"KEYVIDEO"},{"text":"https:\/\/img.3cat.cat\/multimedia\/jpg\/9\/1\/1777475589919.jpg","mida":"426x240","titol":"Barcareservat_169_1920x1080_T3_cap30","rel_name":"KEYVIDEO"},{"text":"https:\/\/img.3cat.cat\/multimedia\/jpg\/6\/6\/1777475590366.jpg","mida":"670x378","titol":"Barcareservat_169_1920x1080_T3_cap30","rel_name":"KEYVIDEO"}]}],"id":3407079,"data_modificacio":"30\/04\/2026 14:43:29","titol":"Els motius pels quals el Bar\u00e7a va donar de baixa V\u00edctor Mu\u00f1oz","data_publicacio":"30\/04\/2026 14:42:42","domini":"PUE3","imatges":[{"text":"https:\/\/img.3cat.cat\/multimedia\/jpg\/5\/8\/1771933622185.jpg","mida":"670x378","alt":"V\u00edctor Mu\u00f1oz en una acci\u00f3 del partit davant el Reial Madrid on disputa un duel amb Asencio","titol":"V\u00edctor Mu\u00f1oz","rel_name":"IMAGE"},{"text":"https:\/\/img.3cat.cat\/multimedia\/jpg\/3\/7\/1771933622073.jpg","mida":"326x184","alt":"V\u00edctor Mu\u00f1oz en una acci\u00f3 del partit davant el Reial Madrid on disputa un duel amb Asencio","titol":"V\u00edctor Mu\u00f1oz","rel_name":"IMAGE"},{"text":"https:\/\/img.3cat.cat\/multimedia\/jpg\/8\/2\/1771933621828.jpg","mida":"1024x576","alt":"V\u00edctor Mu\u00f1oz en una acci\u00f3 del partit davant el Reial Madrid on disputa un duel amb Asencio","titol":"V\u00edctor Mu\u00f1oz","rel_name":"IMAGE"}]},{"entradeta":"El t\u00e8cnic ha comparat la plantilla actual amb l'equip de l'any passat a aquestes al\u00e7ades i ha deixat clar que no tenen res a veure","permatitle":"M\u00edchel. \"No som l'equip de l'any passat, som molt millors\"","avantitol":"Girona","tipologia":"NOT_NOTICIA","tematiques":[{"id":"PUE3_GIRONA","idint":"52173","desc":"Girona","main":true}],"mediadestacat":"1","id":3407290,"data_modificacio":"30\/04\/2026 17:49:49","titol":"M\u00edchel: \"No som l'equip de l'any passat, som molt millors\"","data_publicacio":"30\/04\/2026 14:31:58","domini":"PUE3","imatges":[{"text":"https:\/\/img.3cat.cat\/multimedia\/jpg\/9\/7\/1777550898179.jpg","mida":"670x378","titol":"EuropaPress_7471810_michel_head_coach_of_girona_fc_during_the_spanish_league_laliga_ea_sports","rel_name":"IMAGE"},{"text":"https:\/\/img.3cat.cat\/multimedia\/jpg\/3\/2\/1777550898123.jpg","mida":"326x184","titol":"EuropaPress_7471810_michel_head_coach_of_girona_fc_during_the_spanish_league_laliga_ea_sports","rel_name":"IMAGE"},{"text":"https:\/\/img.3cat.cat\/multimedia\/jpg\/7\/6\/1777550897967.jpg","mida":"1024x576","titol":"EuropaPress_7471810_michel_head_coach_of_girona_fc_during_the_spanish_league_laliga_ea_sports","rel_name":"IMAGE"}]}]},"paginacio":{"total_items":817402,"items_pagina":30,"pagina_actual":1,"total_pagines":27247}}}